{"id":18858,"date":"2024-09-30T17:10:00","date_gmt":"2024-09-30T20:10:00","guid":{"rendered":"https:\/\/diariorepublica.com.ar\/web\/?p=18858"},"modified":"2024-09-30T17:41:37","modified_gmt":"2024-09-30T20:41:37","slug":"cumbre-gobierno-cgt-se-sumaron-a-la-reunion-la-uta-y-universidades","status":"publish","type":"post","link":"https:\/\/diariorepublica.com.ar\/web\/index.php\/nacionales\/2024\/09\/30\/cumbre-gobierno-cgt-se-sumaron-a-la-reunion-la-uta-y-universidades\/","title":{"rendered":"Cumbre Gobierno &#8211; CGT: se sumaron a la reuni\u00f3n la UTA y universidades"},"content":{"rendered":"<p>El jefe de Gabinete<strong>, Guillermo Francos<\/strong>, recibe este lunes en\u00a0<strong>Casa Rosada<\/strong>\u00a0a\u00a0dirigentes de la\u00a0<strong>CGT<\/strong>\u00a0en medio del\u00a0<strong>conflicto universitario<\/strong>\u00a0y de la reciente\u00a0reglamentaci\u00f3n del\u00a0<strong>\u00abcap\u00edtulo laboral\u00bb<\/strong>\u00a0de la\u00a0<strong>ley<\/strong><strong>\u00a0Bases.\u00a0<\/strong>Minutos antes de las 17 comenzaron a llegar los sindicalistas con la novedad que los acompa\u00f1aban dirigente de la UTA y de universidades.<\/p>\n<article class=\"article-body article-body--third-paragraph content-protected-false\"><strong>Francos<\/strong>\u00a0recibi\u00f3 a los representantes de la\u00a0<strong>central obrera<\/strong>\u00a0a las 17 en su despacho de Balcarce 50, en un encuentro que ser\u00e1 a\u00a0<strong>\u00abagenda abierta\u00bb<\/strong>. Los primeros en llegar a la Casa Rosada, minutos antes de las 17 fueron\u00a0<strong>Carlos Acu\u00f1a (estaciones de servicio) y H\u00e9ctor Daer (Sanidad)<\/strong>, integrantes del triunvirato que se completa con Pablo Moyano. Tambi\u00e9n llegaron temprano Andr\u00e9s Rodr\u00edguez (UPCN), Sergio Romero (docentes), Daniel Ricci (docentes de universidades), Roberto Fern\u00e1ndez (UTA), y Jorge Sola (seguros).<\/p>\n<\/article>\n<article class=\"article-body article-body--fourth-paragraph content-protected-false\">Sobre la hora llegaron Gerardo Mart\u00ednez (UOCRA) y el titular del sindicato del vidrio Cristian Jer\u00f3nimo, el \u00fanico moyanista en el c\u00f3nclave. Tambi\u00e9n ingres\u00f3 sobre el final la \u00fanica mujer en la mesa, Maia Volcovinsky (judiciales).<\/p>\n<\/article>\n<article class=\"article-body article-body--remaining-paragraph content-protected-false\">En la semana previa, la central obrera, que convoc\u00f3 a los gremios que nuclea a movilizar junto a las universidades el pr\u00f3ximo 2 de octubre, tuvo una buena noticia cuando el martes pasado se suspendi\u00f3 el debate que iba a tratar las modificaciones en la Ley de Asociaciones Sindicales.<\/p>\n<p>Se trataba de una serie de modificaciones sustanciales en el ordenamiento gremial, que no contaban con el visto bueno de la CGT, como la\u00a0<strong>eliminaci\u00f3n de las reelecciones indefinidas para los secretarios generales, la supresi\u00f3n de la obligatoriedad de la cuota solidaria\u00a0<\/strong>y la puesta en vigencia de la ficha limpia para los sindicalistas. Asimismo, se apuntaba a la reglamentaci\u00f3n de \u00f3rgano de cinco miembros en las dirigencias de los sindicatos con representaci\u00f3n de las minor\u00edas y se establec\u00edan nuevos esquemas de elecci\u00f3n de la obra social sindical.<\/p>\n<p>El proyecto -impulsado por el presidente de la comisi\u00f3n de\u00a0<strong>Legislaci\u00f3n del Trabajo en la C\u00e1mara de Diputados,<\/strong>\u00a0<strong>Mart\u00edn Tetaz (UCR)<\/strong>&#8211; tenia hasta ese momento el acompa\u00f1amiento de los bloques de Encuentro Federal, la Coalici\u00f3n C\u00edvica, el PRO y La Libertad Avanza. Sin embargo, un\u00a0<strong>acuerdo entre el partido libertario y la c\u00fapula dirigencial de la CGT puso un freno a las reformas.<\/strong><\/p>\n<p>La reglamentaci\u00f3n de la\u00a0<strong>reforma laboral<\/strong>\u00a0incluida en la Ley de\u00a0<strong>Bases<\/strong>\u00a0y el conflicto por\u00a0<strong>Aerol\u00edneas Argentinas<\/strong>\u00a0profundiz\u00f3 en las \u00faltimas semanas el di\u00e1logo de la gesti\u00f3n libertaria con la\u00a0<strong>CGT,<\/strong>\u00a0luego de que meses atr\u00e1s la central se retirara de la mesa social que promueve el oficialismo.<\/p>\n<p>ambito.com<\/p>\n<\/article>\n","protected":false},"excerpt":{"rendered":"<p>El jefe de Gabinete, Guillermo Francos, recibe este lunes en\u00a0Casa Rosada\u00a0a\u00a0dirigentes de la\u00a0CGT\u00a0en medio del\u00a0conflicto universitario\u00a0y de la reciente\u00a0reglamentaci\u00f3n del\u00a0\u00abcap\u00edtulo<\/p>\n","protected":false},"author":1,"featured_media":18859,"comment_status":"closed","ping_status":"closed","sticky":false,"template":"","format":"standard","meta":{"footnotes":"","jetpack_publicize_message":"","jetpack_publicize_feature_enabled":true,"jetpack_social_post_already_shared":true,"jetpack_social_options":{"image_generator_settings":{"template":"highway","enabled":false},"version":2}},"categories":[4],"tags":[],"class_list":["post-18858","post","type-post","status-publish","format-standard","has-post-thumbnail","hentry","category-nacionales"],"jetpack_publicize_connections":[],"_links":{"self":[{"href":"https:\/\/diariorepublica.com.ar\/web\/index.php\/wp-json\/wp\/v2\/posts\/18858"}],"collection":[{"href":"https:\/\/diariorepublica.com.ar\/web\/index.php\/wp-json\/wp\/v2\/posts"}],"about":[{"href":"https:\/\/diariorepublica.com.ar\/web\/index.php\/wp-json\/wp\/v2\/types\/post"}],"author":[{"embeddable":true,"href":"https:\/\/diariorepublica.com.ar\/web\/index.php\/wp-json\/wp\/v2\/users\/1"}],"replies":[{"embeddable":true,"href":"https:\/\/diariorepublica.com.ar\/web\/index.php\/wp-json\/wp\/v2\/comments?post=18858"}],"version-history":[{"count":1,"href":"https:\/\/diariorepublica.com.ar\/web\/index.php\/wp-json\/wp\/v2\/posts\/18858\/revisions"}],"predecessor-version":[{"id":18860,"href":"https:\/\/diariorepublica.com.ar\/web\/index.php\/wp-json\/wp\/v2\/posts\/18858\/revisions\/18860"}],"wp:featuredmedia":[{"embeddable":true,"href":"https:\/\/diariorepublica.com.ar\/web\/index.php\/wp-json\/wp\/v2\/media\/18859"}],"wp:attachment":[{"href":"https:\/\/diariorepublica.com.ar\/web\/index.php\/wp-json\/wp\/v2\/media?parent=18858"}],"wp:term":[{"taxonomy":"category","embeddable":true,"href":"https:\/\/diariorepublica.com.ar\/web\/index.php\/wp-json\/wp\/v2\/categories?post=18858"},{"taxonomy":"post_tag","embeddable":true,"href":"https:\/\/diariorepublica.com.ar\/web\/index.php\/wp-json\/wp\/v2\/tags?post=18858"}],"curies":[{"name":"wp","href":"https:\/\/api.w.org\/{rel}","templated":true}]}}