{"id":1886,"date":"2023-04-21T11:08:56","date_gmt":"2023-04-21T14:08:56","guid":{"rendered":"https:\/\/diariorepublica.com.ar\/web\/?p=1886"},"modified":"2023-04-21T11:08:58","modified_gmt":"2023-04-21T14:08:58","slug":"soem-solicito-que-se-adelante-2da-cuota-de-acuerdo-de-incremento-salarial","status":"publish","type":"post","link":"https:\/\/diariorepublica.com.ar\/web\/index.php\/sociedad\/2023\/04\/21\/soem-solicito-que-se-adelante-2da-cuota-de-acuerdo-de-incremento-salarial\/","title":{"rendered":"SOEM solicit\u00f3 que se adelante 2da. cuota de acuerdo de incremento salarial"},"content":{"rendered":"<p>En dialogo con FM REPUBLICA 103.1, la secretaria adjunta de SOEM, Eugenia Varela dio a conocer que el gremio envi\u00f3 una nota dirigida a las autoridades de la Ciudad donde solicit\u00e1 que atentos a la situaci\u00f3n de incertidumbre economica donde se ha producido un gran deterioro del poder adquisitivo de los trabajadores como consecuencia de los actuales valores inflacionarios que rigen nuestra economia, que se produzca un adelanto en la puesta en vigencia de mejora salarial acordada con el ejecutivo municipal<\/p>\n<p>Varela se\u00f1al\u00f3 que el acuerdo implementado en el mes de febrero, establec\u00eda una nueva mejora salarial recien en el proximo mes de Mayo 2023, la sindicalista expres\u00f3 que dada la situaci\u00f3n actual, el trabajador no puede esperar hasta mayo dada la gran perdida de valor adquisitivo del salario de los trabajadores<\/p>\n<p>NOTICIA EN DESARROLLO<\/p>\n","protected":false},"excerpt":{"rendered":"<p>En dialogo con FM REPUBLICA 103.1, la secretaria adjunta de SOEM, Eugenia Varela dio a conocer que el gremio envi\u00f3<\/p>\n","protected":false},"author":2,"featured_media":1887,"comment_status":"closed","ping_status":"closed","sticky":false,"template":"","format":"standard","meta":{"footnotes":"","jetpack_publicize_message":"","jetpack_publicize_feature_enabled":true,"jetpack_social_post_already_shared":false,"jetpack_social_options":{"image_generator_settings":{"template":"highway","enabled":false},"version":2}},"categories":[3],"tags":[],"class_list":["post-1886","post","type-post","status-publish","format-standard","has-post-thumbnail","hentry","category-sociedad"],"jetpack_publicize_connections":[],"_links":{"self":[{"href":"https:\/\/diariorepublica.com.ar\/web\/index.php\/wp-json\/wp\/v2\/posts\/1886"}],"collection":[{"href":"https:\/\/diariorepublica.com.ar\/web\/index.php\/wp-json\/wp\/v2\/posts"}],"about":[{"href":"https:\/\/diariorepublica.com.ar\/web\/index.php\/wp-json\/wp\/v2\/types\/post"}],"author":[{"embeddable":true,"href":"https:\/\/diariorepublica.com.ar\/web\/index.php\/wp-json\/wp\/v2\/users\/2"}],"replies":[{"embeddable":true,"href":"https:\/\/diariorepublica.com.ar\/web\/index.php\/wp-json\/wp\/v2\/comments?post=1886"}],"version-history":[{"count":1,"href":"https:\/\/diariorepublica.com.ar\/web\/index.php\/wp-json\/wp\/v2\/posts\/1886\/revisions"}],"predecessor-version":[{"id":1888,"href":"https:\/\/diariorepublica.com.ar\/web\/index.php\/wp-json\/wp\/v2\/posts\/1886\/revisions\/1888"}],"wp:featuredmedia":[{"embeddable":true,"href":"https:\/\/diariorepublica.com.ar\/web\/index.php\/wp-json\/wp\/v2\/media\/1887"}],"wp:attachment":[{"href":"https:\/\/diariorepublica.com.ar\/web\/index.php\/wp-json\/wp\/v2\/media?parent=1886"}],"wp:term":[{"taxonomy":"category","embeddable":true,"href":"https:\/\/diariorepublica.com.ar\/web\/index.php\/wp-json\/wp\/v2\/categories?post=1886"},{"taxonomy":"post_tag","embeddable":true,"href":"https:\/\/diariorepublica.com.ar\/web\/index.php\/wp-json\/wp\/v2\/tags?post=1886"}],"curies":[{"name":"wp","href":"https:\/\/api.w.org\/{rel}","templated":true}]}}