{"id":18900,"date":"2024-10-02T00:11:00","date_gmt":"2024-10-02T03:11:00","guid":{"rendered":"https:\/\/diariorepublica.com.ar\/web\/?p=18900"},"modified":"2024-10-02T08:12:56","modified_gmt":"2024-10-02T11:12:56","slug":"luis-barrionuevo-se-encuentra-internado-en-terapia-instensiva-en-el-sanatorio-guemes","status":"publish","type":"post","link":"https:\/\/diariorepublica.com.ar\/web\/index.php\/nacionales\/2024\/10\/02\/luis-barrionuevo-se-encuentra-internado-en-terapia-instensiva-en-el-sanatorio-guemes\/","title":{"rendered":"Luis Barrionuevo se encuentra internado en terapia instensiva en el sanatorio G\u00fcemes"},"content":{"rendered":"<p>Luis Barrionuevo sufri\u00f3 un ACV de car\u00e1cter isqu\u00e9mico y se encuentra internado en el sanatorio G\u00fcemes, donde ingres\u00f3 por guardia con un cuadro de descompensaci\u00f3n, con p\u00e9rdida de sentido de tiempo y espacio.<\/p>\n<p>Al ingresar al sanatorio, fue derivado de inmediato a la terapia intensiva, donde se confirm\u00f3 el diagn\u00f3stico.<\/p>\n<p>\u00abIngres\u00f3 por la guardia, donde lleg\u00f3 acompa\u00f1ado por algunos colaboradores, con p\u00e9rdida de sentido de tiempo y espacio y muy descompensado, por lo que inmediatamente fue derivado a la terapia intensiva\u00bb, indicaron los voceros.<\/p>\n<p>Luis Barrionuevo, de 82 a\u00f1os, conduce la Uni\u00f3n de Trabajadores del Turismo, Hoteleros y Gastron\u00f3micos (UTHGRA) en forma ininterrumpida desde hace 40 a\u00f1os.<\/p>\n","protected":false},"excerpt":{"rendered":"<p>Luis Barrionuevo sufri\u00f3 un ACV de car\u00e1cter isqu\u00e9mico y se encuentra internado en el sanatorio G\u00fcemes, donde ingres\u00f3 por guardia<\/p>\n","protected":false},"author":1,"featured_media":18902,"comment_status":"closed","ping_status":"closed","sticky":false,"template":"","format":"standard","meta":{"footnotes":"","jetpack_publicize_message":"","jetpack_publicize_feature_enabled":true,"jetpack_social_post_already_shared":true,"jetpack_social_options":{"image_generator_settings":{"template":"highway","enabled":false},"version":2}},"categories":[4],"tags":[],"class_list":["post-18900","post","type-post","status-publish","format-standard","has-post-thumbnail","hentry","category-nacionales"],"jetpack_publicize_connections":[],"_links":{"self":[{"href":"https:\/\/diariorepublica.com.ar\/web\/index.php\/wp-json\/wp\/v2\/posts\/18900"}],"collection":[{"href":"https:\/\/diariorepublica.com.ar\/web\/index.php\/wp-json\/wp\/v2\/posts"}],"about":[{"href":"https:\/\/diariorepublica.com.ar\/web\/index.php\/wp-json\/wp\/v2\/types\/post"}],"author":[{"embeddable":true,"href":"https:\/\/diariorepublica.com.ar\/web\/index.php\/wp-json\/wp\/v2\/users\/1"}],"replies":[{"embeddable":true,"href":"https:\/\/diariorepublica.com.ar\/web\/index.php\/wp-json\/wp\/v2\/comments?post=18900"}],"version-history":[{"count":1,"href":"https:\/\/diariorepublica.com.ar\/web\/index.php\/wp-json\/wp\/v2\/posts\/18900\/revisions"}],"predecessor-version":[{"id":18903,"href":"https:\/\/diariorepublica.com.ar\/web\/index.php\/wp-json\/wp\/v2\/posts\/18900\/revisions\/18903"}],"wp:featuredmedia":[{"embeddable":true,"href":"https:\/\/diariorepublica.com.ar\/web\/index.php\/wp-json\/wp\/v2\/media\/18902"}],"wp:attachment":[{"href":"https:\/\/diariorepublica.com.ar\/web\/index.php\/wp-json\/wp\/v2\/media?parent=18900"}],"wp:term":[{"taxonomy":"category","embeddable":true,"href":"https:\/\/diariorepublica.com.ar\/web\/index.php\/wp-json\/wp\/v2\/categories?post=18900"},{"taxonomy":"post_tag","embeddable":true,"href":"https:\/\/diariorepublica.com.ar\/web\/index.php\/wp-json\/wp\/v2\/tags?post=18900"}],"curies":[{"name":"wp","href":"https:\/\/api.w.org\/{rel}","templated":true}]}}