{"id":18921,"date":"2024-10-02T00:37:00","date_gmt":"2024-10-02T03:37:00","guid":{"rendered":"https:\/\/diariorepublica.com.ar\/web\/?p=18921"},"modified":"2024-10-02T11:39:02","modified_gmt":"2024-10-02T14:39:02","slug":"bake-off-famosos-calamaro-se-hizo-una-galleta-y-quedo-afuera","status":"publish","type":"post","link":"https:\/\/diariorepublica.com.ar\/web\/index.php\/espectaculos\/2024\/10\/02\/bake-off-famosos-calamaro-se-hizo-una-galleta-y-quedo-afuera\/","title":{"rendered":"\u00abBake Off Famosos\u00bb: Calamaro se hizo una galleta y qued\u00f3 afuera"},"content":{"rendered":"<article id=\"article-post\" class=\"first\">\n<div class=\"cuerpo\" data-twitter-link=\"https:\/\/twitter.com\/intent\/tweet?url=https:\/\/www.diariopopular.com.ar\/c808632&amp;via=poopulardiario&amp;related=Popular&amp;text=\">\n<p>El m\u00fasico\u00a0<strong>Javier Calamaro<\/strong>\u00a0se convirti\u00f3 este martes por la noche en el segundo eliminado de<strong>\u00a0\u00abBake Off Famosos Argentina\u00bb<\/strong>\u00a0tras lograr el peor promedio en las dos pruebas, la t\u00e9cnica que consisti\u00f3 en la elaboraci\u00f3n de un\u00a0<strong>Lemon Pie\u00a0<\/strong>y en la creativa que se trat\u00f3 de realizar\u00a0<strong>12 galletas lunettes<\/strong>.<\/p>\n<\/div>\n<\/article>\n<article id=\"article-post\">\n<div class=\"cuerpo\" data-twitter-link=\"https:\/\/twitter.com\/intent\/tweet?url=https:\/\/www.diariopopular.com.ar\/c808632&amp;via=poopulardiario&amp;related=Popular&amp;text=\">\n<p>El jurado del reality culinario conducido por\u00a0<strong>Wanda Nara,<\/strong>\u00a0integrado por los reposteros\u00a0<strong>Dami\u00e1n Betular\u00a0<\/strong>y\u00a0<strong>Maru Botana<\/strong>\u00a0y el chef\u00a0<strong>Christophe Krywonis<\/strong>\u00a0decidi\u00f3 que el Lemon Pie preparado por\u00a0<strong>Cande Molfese<\/strong>\u00a0era peor que el del m\u00fasico, pero a diferencia de \u00e9l, la actriz logr\u00f3 destacarse en la elaboraci\u00f3n de sus cookies.<\/p>\n<div id=\"embed88_wrap\" class=\"embed_cont type_freetext\" contenteditable=\"false\">\n<div id=\"embed88_content\" class=\"embed_content\">\n<div id=\"embed88_embed\">\n<div class=\"video_container\"><iframe loading=\"lazy\" class=\"video_iframe\" src=\"https:\/\/www.youtube.com\/embed\/6wUpLCJab_U\" width=\"100%\" height=\"360\" frameborder=\"0\" scrolling=\"no\" data-gtm-yt-inspected-6=\"true\" data-mce-fragment=\"1\"><\/iframe><\/div>\n<\/div>\n<\/div>\n<div id=\"embed88_epigrafe\" class=\"embed_epigrafe\"><\/div>\n<div id=\"embed88_copyright\" class=\"embed_copyright\"><\/div>\n<\/div>\n<p><strong>Javier Calamaro<\/strong>\u00a0prepar\u00f3 unas<strong>\u00a0galletas lunettes de cacao rellenas con buttercream de caf\u00e9<\/strong>, y que por encima ten\u00edan un ba\u00f1o de chocolate blanco con nibs de cacao.\u00a0<strong>Dami\u00e1n Betular<\/strong>\u00a0fue el primero de los jurados que repar\u00f3 en que las cookies\u00a0<strong>estaban quemadas<\/strong>\u00a0.<\/p>\n<div id=\"719666-Libre-2071341654_wrap\" class=\"embed_cont type_imagen\" contenteditable=\"false\">\n<div id=\"719666-Libre-2071341654_content\" class=\"embed_content\"><img decoding=\"async\" id=\"719666-Libre-2071341654_embed\" title=\"\" src=\"https:\/\/media.diariopopular.com.ar\/p\/ddfc935fad5d5896f4176127be9c62f8\/adjuntos\/143\/imagenes\/008\/163\/0008163209\/1140x0\/smart\/imagepng.png\" alt=\"\" width=\"1140\" height=\"undefined\" longdesc=\"https:\/\/media.diariopopular.com.ar\/p\/ddfc935fad5d5896f4176127be9c62f8\/adjuntos\/143\/imagenes\/008\/163\/0008163209\/1140x0\/smart\/imagepng.png\" \/><\/div>\n<div id=\"719666-Libre-2071341654_epigrafe\" class=\"embed_epigrafe\"><\/div>\n<div id=\"719666-Libre-2071341654_copyright\" class=\"embed_copyright\"><\/div>\n<\/div>\n<p>De esta manera, el pastelero se\u00f1al\u00f3 a\u00a0<strong>Javier Calamaro<\/strong>\u00a0como el participante con peor desempe\u00f1o de la segunda emisi\u00f3n de\u00a0<strong>\u00abBake Off Famosos\u00bb<\/strong>\u00a0y decidi\u00f3 su eliminaci\u00f3n, luego de haberlo dejado -previamente- en la cuerda floja junto con<strong>\u00a0Gast\u00f3n Edul y Ver\u00f3nica Lozano.<\/strong><\/p>\n<p>El m\u00fasico no se tom\u00f3 a mal la noticia de su eliminaci\u00f3n y se decidi\u00f3 despedirse con lo que mejor hace, a pura m\u00fasica, y se puso a cantar el tango\u00a0<strong>\u00abYira, yira\u00bb<\/strong>, de\u00a0<strong>Enrique Santos Disc\u00e9polo.<\/strong><\/p>\n<p><strong>\u00abEmpezaste a cambiar tu receta, aceite de coco, hoy oliva, todas esas aventuras son reconfortantes para los que nos dedicamos a esto. Fuiste respetuoso presentando todo y por ahora es un paso por la carpa. El futuro dir\u00e1 \u00ab<\/strong>\u00a0expres\u00f3\u00a0<strong>Betular<\/strong>\u00a0a\u00a0<strong>Javier Calamaro.<\/strong><\/p>\n<p><strong>\u00abMe voy contento y con aprendizaje, que es lo que busca. Tuve un mal d\u00eda&#8230; pero aprend\u00ed pasteler\u00eda\u00bb<\/strong>\u00a0declar\u00f3 el m\u00fasico en la entrevista, tras ser eliminado de\u00a0<strong>\u00abBake Off Famosos\u00bb<\/strong>.<\/p>\n<\/div>\n<\/article>\n","protected":false},"excerpt":{"rendered":"<p>El m\u00fasico\u00a0Javier Calamaro\u00a0se convirti\u00f3 este martes por la noche en el segundo eliminado de\u00a0\u00abBake Off Famosos Argentina\u00bb\u00a0tras lograr el peor<\/p>\n","protected":false},"author":1,"featured_media":18922,"comment_status":"closed","ping_status":"closed","sticky":false,"template":"","format":"standard","meta":{"footnotes":"","jetpack_publicize_message":"","jetpack_publicize_feature_enabled":true,"jetpack_social_post_already_shared":true,"jetpack_social_options":{"image_generator_settings":{"template":"highway","enabled":false},"version":2}},"categories":[7],"tags":[],"class_list":["post-18921","post","type-post","status-publish","format-standard","has-post-thumbnail","hentry","category-espectaculos"],"jetpack_publicize_connections":[],"_links":{"self":[{"href":"https:\/\/diariorepublica.com.ar\/web\/index.php\/wp-json\/wp\/v2\/posts\/18921"}],"collection":[{"href":"https:\/\/diariorepublica.com.ar\/web\/index.php\/wp-json\/wp\/v2\/posts"}],"about":[{"href":"https:\/\/diariorepublica.com.ar\/web\/index.php\/wp-json\/wp\/v2\/types\/post"}],"author":[{"embeddable":true,"href":"https:\/\/diariorepublica.com.ar\/web\/index.php\/wp-json\/wp\/v2\/users\/1"}],"replies":[{"embeddable":true,"href":"https:\/\/diariorepublica.com.ar\/web\/index.php\/wp-json\/wp\/v2\/comments?post=18921"}],"version-history":[{"count":1,"href":"https:\/\/diariorepublica.com.ar\/web\/index.php\/wp-json\/wp\/v2\/posts\/18921\/revisions"}],"predecessor-version":[{"id":18923,"href":"https:\/\/diariorepublica.com.ar\/web\/index.php\/wp-json\/wp\/v2\/posts\/18921\/revisions\/18923"}],"wp:featuredmedia":[{"embeddable":true,"href":"https:\/\/diariorepublica.com.ar\/web\/index.php\/wp-json\/wp\/v2\/media\/18922"}],"wp:attachment":[{"href":"https:\/\/diariorepublica.com.ar\/web\/index.php\/wp-json\/wp\/v2\/media?parent=18921"}],"wp:term":[{"taxonomy":"category","embeddable":true,"href":"https:\/\/diariorepublica.com.ar\/web\/index.php\/wp-json\/wp\/v2\/categories?post=18921"},{"taxonomy":"post_tag","embeddable":true,"href":"https:\/\/diariorepublica.com.ar\/web\/index.php\/wp-json\/wp\/v2\/tags?post=18921"}],"curies":[{"name":"wp","href":"https:\/\/api.w.org\/{rel}","templated":true}]}}