{"id":18976,"date":"2024-10-04T07:35:43","date_gmt":"2024-10-04T10:35:43","guid":{"rendered":"https:\/\/diariorepublica.com.ar\/web\/?p=18976"},"modified":"2024-10-04T07:35:45","modified_gmt":"2024-10-04T10:35:45","slug":"la-campora-puso-en-marcha-un-operativo-para-que-cristina-kirchner-presida-el-pj-nacional","status":"publish","type":"post","link":"https:\/\/diariorepublica.com.ar\/web\/index.php\/politica\/2024\/10\/04\/la-campora-puso-en-marcha-un-operativo-para-que-cristina-kirchner-presida-el-pj-nacional\/","title":{"rendered":"La C\u00e1mpora puso en marcha un operativo para que Cristina Kirchner presida el PJ Nacional"},"content":{"rendered":"<p>El senador nacional de La C\u00e1mpora,\u00a0<strong>Eduardo \u00abWado\u00bb De Pedro lanz\u00f3 este jueves un operativo clamor para que Cristina Fern\u00e1ndez de Kirchner presida el Partido Justiciaslista (PJ)<\/strong>, cargo que qued\u00f3 vacante tras la renuncia del expresidente Alberto Fern\u00e1ndez.<\/p>\n<p><strong>\u00abEs momento de que una mujer, que milit\u00f3 toda su vida en el peronismo, presida por primera vez el Partido Justicialista\u00bb<\/strong>, escribi\u00f3 De Pedro en su cuenta de X.<\/p>\n<p>\u00abCristina es la l\u00edder del peronismo y ha dado acabadas muestras de su compromiso inquebrantable con los sue\u00f1os y los anhelos de nuestro pueblo.\u00a0<strong>Conoce cada rinc\u00f3n de la Patria e interpreta las necesidades como nadie<\/strong>\u00ab, se\u00f1al\u00f3.<\/p>\n<p>Y agreg\u00f3: \u00abEn este tiempo tan duro para los y las argentinas,\u00a0<strong>ella puede encender una luz de esperanza con su mirada estrat\u00e9gica y su coraje para volver a organizarnos y comenzar la reconstrucci\u00f3n<\/strong>\u00ab.<\/p>\n<p>Minutos m\u00e1s tarde se sum\u00f3 la intendenta de Quilmes,\u00a0<strong>Mayra Mendoza<\/strong>, y asegur\u00f3: \u00ab<strong>Para ordenar lo desordenado y enderezar lo torcido, es tiempo de mujeres peronistas<\/strong>. Merecemos a Cristina Kirchner presidenta del Partido Justicialista Nacional\u00bb.<\/p>\n<p>De est\u00e1 manera, La C\u00e1mpora puso en marcha el operativo para que la exmandataria conduzca el partido.<\/p>\n<p>La postulaci\u00f3n llega a 16 d\u00edas de que venza el plazo para presentar las listas de candidatos para el PJ, que tendr\u00e1 elecciones el pr\u00f3ximo 17 de noviembre.<\/p>\n<p>Hasta el momento el \u00fanico que se hab\u00eda postulado para conducir el espacio era el gobernador de La Rioja, Ricardo Quintela.<\/p>\n","protected":false},"excerpt":{"rendered":"<p>El senador nacional de La C\u00e1mpora,\u00a0Eduardo \u00abWado\u00bb De Pedro lanz\u00f3 este jueves un operativo clamor para que Cristina Fern\u00e1ndez de<\/p>\n","protected":false},"author":1,"featured_media":18977,"comment_status":"closed","ping_status":"closed","sticky":false,"template":"","format":"standard","meta":{"footnotes":"","jetpack_publicize_message":"","jetpack_publicize_feature_enabled":true,"jetpack_social_post_already_shared":true,"jetpack_social_options":{"image_generator_settings":{"template":"highway","enabled":false},"version":2}},"categories":[12],"tags":[],"class_list":["post-18976","post","type-post","status-publish","format-standard","has-post-thumbnail","hentry","category-politica"],"jetpack_publicize_connections":[],"_links":{"self":[{"href":"https:\/\/diariorepublica.com.ar\/web\/index.php\/wp-json\/wp\/v2\/posts\/18976"}],"collection":[{"href":"https:\/\/diariorepublica.com.ar\/web\/index.php\/wp-json\/wp\/v2\/posts"}],"about":[{"href":"https:\/\/diariorepublica.com.ar\/web\/index.php\/wp-json\/wp\/v2\/types\/post"}],"author":[{"embeddable":true,"href":"https:\/\/diariorepublica.com.ar\/web\/index.php\/wp-json\/wp\/v2\/users\/1"}],"replies":[{"embeddable":true,"href":"https:\/\/diariorepublica.com.ar\/web\/index.php\/wp-json\/wp\/v2\/comments?post=18976"}],"version-history":[{"count":1,"href":"https:\/\/diariorepublica.com.ar\/web\/index.php\/wp-json\/wp\/v2\/posts\/18976\/revisions"}],"predecessor-version":[{"id":18978,"href":"https:\/\/diariorepublica.com.ar\/web\/index.php\/wp-json\/wp\/v2\/posts\/18976\/revisions\/18978"}],"wp:featuredmedia":[{"embeddable":true,"href":"https:\/\/diariorepublica.com.ar\/web\/index.php\/wp-json\/wp\/v2\/media\/18977"}],"wp:attachment":[{"href":"https:\/\/diariorepublica.com.ar\/web\/index.php\/wp-json\/wp\/v2\/media?parent=18976"}],"wp:term":[{"taxonomy":"category","embeddable":true,"href":"https:\/\/diariorepublica.com.ar\/web\/index.php\/wp-json\/wp\/v2\/categories?post=18976"},{"taxonomy":"post_tag","embeddable":true,"href":"https:\/\/diariorepublica.com.ar\/web\/index.php\/wp-json\/wp\/v2\/tags?post=18976"}],"curies":[{"name":"wp","href":"https:\/\/api.w.org\/{rel}","templated":true}]}}