{"id":18994,"date":"2024-10-04T10:55:26","date_gmt":"2024-10-04T13:55:26","guid":{"rendered":"https:\/\/diariorepublica.com.ar\/web\/?p=18994"},"modified":"2024-10-04T10:55:27","modified_gmt":"2024-10-04T13:55:27","slug":"inicio-la-ultima-etapa-de-pavimentacion-de-la-ruta-provincial-n-1","status":"publish","type":"post","link":"https:\/\/diariorepublica.com.ar\/web\/index.php\/sociedad\/2024\/10\/04\/inicio-la-ultima-etapa-de-pavimentacion-de-la-ruta-provincial-n-1\/","title":{"rendered":"Inici\u00f3 la \u00faltima etapa de pavimentaci\u00f3n de la Ruta provincial n\u00b0 1"},"content":{"rendered":"<p>Con la puesta en marcha de la \u00faltima etapa de pavimentaci\u00f3n de la Ruta provincial nP 1, la provincia avanza en su infraestructura vial en los distintos puntos de su territorio. Los 12 kil\u00f3metros que faltan para completar los 150 totales de esta obra, calificada de \u00abtrascendental\u00bb, conectar\u00e1 por primera vez en la historia de Catamarca, la capital provincial con la localidad de Aconquija, en Andalgal\u00e1.<\/p>\n<p>De esta manera se atravezar\u00e1 adem\u00e1s los departamentos de Ambato y Fray Mamerto Esqui\u00fa, unidos por la Ruta Provincial N\u00b01. Adem\u00e1s, permitir\u00e1 que el departamento Ambato cuente con un acceso pavimentado, lo cual transformar\u00e1 el paisaje econ\u00f3mico y tur\u00edstico de la regi\u00f3n.<\/p>\n<p>El proyecto, es largamente anhelado por los habitantes y sectores productivos locales, y ahora, seg\u00fan lo anunciado, pasar\u00e1 a ser una realidad gracias al impulso del Ejecutivo provincial que, seg\u00fan expres\u00f3 el Gobernador Ra\u00fal Jalil, se finalizar\u00e1 con fondos provinciales.<\/p>\n<p>\u00abLa nueva traza no solo facilitar\u00e1 la movilidad de miles de catamarque\u00f1os, sino que tambi\u00e9n abrir\u00e1 nuevas oportunidades de desarrollo, desde la expansi\u00f3n de las rutas agroindustriales hasta la promoci\u00f3n de las bellezas naturales del oeste provincial\u00bb, indicaron.<\/p>\n<p>Seg\u00fan informaron las autoridades, la pavimentaci\u00f3n completa de la Ruta Provincial N\u00b01 fortalecer\u00e1 la integraci\u00f3n regional, reducir\u00e1 los tiempos de traslado y mejorar\u00e1 la seguridad vial. \u00abEsta obra nos permitir\u00e1 llegar por asfalto hasta la localidad de Aconquija, con un impacto positivo en la producci\u00f3n y el turismo. Es importante destacar que este proyecto continuar\u00e1 adelante por decisi\u00f3n del gobernador y con fondos provinciales\u00bb, se\u00f1al\u00f3 Juan Marchetti, ministro de Infraestructura y Obras Civiles.<\/p>\n","protected":false},"excerpt":{"rendered":"<p>Con la puesta en marcha de la \u00faltima etapa de pavimentaci\u00f3n de la Ruta provincial nP 1, la provincia avanza<\/p>\n","protected":false},"author":1,"featured_media":18995,"comment_status":"closed","ping_status":"closed","sticky":false,"template":"","format":"standard","meta":{"footnotes":"","jetpack_publicize_message":"","jetpack_publicize_feature_enabled":true,"jetpack_social_post_already_shared":true,"jetpack_social_options":{"image_generator_settings":{"template":"highway","enabled":false},"version":2}},"categories":[3],"tags":[],"class_list":["post-18994","post","type-post","status-publish","format-standard","has-post-thumbnail","hentry","category-sociedad"],"jetpack_publicize_connections":[],"_links":{"self":[{"href":"https:\/\/diariorepublica.com.ar\/web\/index.php\/wp-json\/wp\/v2\/posts\/18994"}],"collection":[{"href":"https:\/\/diariorepublica.com.ar\/web\/index.php\/wp-json\/wp\/v2\/posts"}],"about":[{"href":"https:\/\/diariorepublica.com.ar\/web\/index.php\/wp-json\/wp\/v2\/types\/post"}],"author":[{"embeddable":true,"href":"https:\/\/diariorepublica.com.ar\/web\/index.php\/wp-json\/wp\/v2\/users\/1"}],"replies":[{"embeddable":true,"href":"https:\/\/diariorepublica.com.ar\/web\/index.php\/wp-json\/wp\/v2\/comments?post=18994"}],"version-history":[{"count":1,"href":"https:\/\/diariorepublica.com.ar\/web\/index.php\/wp-json\/wp\/v2\/posts\/18994\/revisions"}],"predecessor-version":[{"id":18996,"href":"https:\/\/diariorepublica.com.ar\/web\/index.php\/wp-json\/wp\/v2\/posts\/18994\/revisions\/18996"}],"wp:featuredmedia":[{"embeddable":true,"href":"https:\/\/diariorepublica.com.ar\/web\/index.php\/wp-json\/wp\/v2\/media\/18995"}],"wp:attachment":[{"href":"https:\/\/diariorepublica.com.ar\/web\/index.php\/wp-json\/wp\/v2\/media?parent=18994"}],"wp:term":[{"taxonomy":"category","embeddable":true,"href":"https:\/\/diariorepublica.com.ar\/web\/index.php\/wp-json\/wp\/v2\/categories?post=18994"},{"taxonomy":"post_tag","embeddable":true,"href":"https:\/\/diariorepublica.com.ar\/web\/index.php\/wp-json\/wp\/v2\/tags?post=18994"}],"curies":[{"name":"wp","href":"https:\/\/api.w.org\/{rel}","templated":true}]}}