{"id":1905,"date":"2023-04-22T17:25:00","date_gmt":"2023-04-22T20:25:00","guid":{"rendered":"https:\/\/diariorepublica.com.ar\/web\/?p=1905"},"modified":"2023-04-22T19:28:26","modified_gmt":"2023-04-22T22:28:26","slug":"boca-llego-a-rosario-y-revoluciono-la-ciudad-una-multitud-de-hinchas-recibio-a-los-jugadores","status":"publish","type":"post","link":"https:\/\/diariorepublica.com.ar\/web\/index.php\/deportes\/2023\/04\/22\/boca-llego-a-rosario-y-revoluciono-la-ciudad-una-multitud-de-hinchas-recibio-a-los-jugadores\/","title":{"rendered":"Boca lleg\u00f3 a Rosario y revolucion\u00f3 la ciudad: una multitud de hinchas recibi\u00f3 a los jugadores"},"content":{"rendered":"<p class=\"paragraph\"><b>Este domingo a las 15.30,\u00a0<\/b><a href=\"https:\/\/tn.com.ar\/deportes\/futbol\/2023\/04\/20\/almiron-probo-un-equipo-alternativo-en-el-entrenamiento-de-boca-con-la-mirada-puesta-en-rosario-central\/\" target=\"_blank\" rel=\"noopener\"><b>Boca<\/b><\/a><b>\u00a0visitar\u00e1 a Rosario Central por la fecha 13 de la Liga Profesional<\/b>. El equipo de Jorge Almir\u00f3n ya se encuentra en Rosario y los hinchas se agolparon en la puerta del hotel para recibir a los jugadores.<\/p>\n<p class=\"paragraph\">Como suele suceder cada vez que el Xeneize sale de Buenos Aires, la revoluci\u00f3n es total. Ahora, la ciudad santafesina no fue la excepci\u00f3n. Por eso,\u00a0<b>los futbolista decidieron devolver estas muestras de cari\u00f1o y firmaron aut\u00f3grafos a los presentes<\/b>.<\/p>\n<p class=\"paragraph\">Entre los m\u00e1s requeridos est\u00e1n los referentes del plantel, pero\u00a0<b>la sorpresa fue\u00a0<\/b><b>Valent\u00edn Barco<\/b>. El Colo, figura del triunfo ante Deportivo Pereira, es de los m\u00e1s queridos y ya tuvo sus primeros reconocimientos por parte de los hinchas.<\/p>\n<h6 class=\"font--primary\">La posible formaci\u00f3n de Boca ante Rosario Central<\/h6>\n<p class=\"paragraph\">Boca rinde un nuevo examen. En este caso, por la Liga Profesional, el equipo de la Ribera visita a Rosario Central y Jorge Almir\u00f3n ya tiene un probable equipo para visitar el Gigante de Arroyito.<\/p>\n<p class=\"paragraph\">En el \u00faltimo entrenamiento,\u00a0<b>el entrenador form\u00f3 con Sergio Romero; Luis Advincula, Nicol\u00e1s Figal, Nicol\u00e1s Valentini, Valent\u00edn Barco; Pol Fern\u00e1ndez, Alan Varela, Mart\u00edn Payero; Oscar Romero, Miguel Merentiel y Sebasti\u00e1n Villa<\/b>.<\/p>\n","protected":false},"excerpt":{"rendered":"<p>Este domingo a las 15.30,\u00a0Boca\u00a0visitar\u00e1 a Rosario Central por la fecha 13 de la Liga Profesional. El equipo de Jorge<\/p>\n","protected":false},"author":1,"featured_media":1906,"comment_status":"closed","ping_status":"closed","sticky":false,"template":"","format":"standard","meta":{"footnotes":"","jetpack_publicize_message":"","jetpack_publicize_feature_enabled":true,"jetpack_social_post_already_shared":false,"jetpack_social_options":{"image_generator_settings":{"template":"highway","enabled":false},"version":2}},"categories":[9],"tags":[],"class_list":["post-1905","post","type-post","status-publish","format-standard","has-post-thumbnail","hentry","category-deportes"],"jetpack_publicize_connections":[],"_links":{"self":[{"href":"https:\/\/diariorepublica.com.ar\/web\/index.php\/wp-json\/wp\/v2\/posts\/1905"}],"collection":[{"href":"https:\/\/diariorepublica.com.ar\/web\/index.php\/wp-json\/wp\/v2\/posts"}],"about":[{"href":"https:\/\/diariorepublica.com.ar\/web\/index.php\/wp-json\/wp\/v2\/types\/post"}],"author":[{"embeddable":true,"href":"https:\/\/diariorepublica.com.ar\/web\/index.php\/wp-json\/wp\/v2\/users\/1"}],"replies":[{"embeddable":true,"href":"https:\/\/diariorepublica.com.ar\/web\/index.php\/wp-json\/wp\/v2\/comments?post=1905"}],"version-history":[{"count":1,"href":"https:\/\/diariorepublica.com.ar\/web\/index.php\/wp-json\/wp\/v2\/posts\/1905\/revisions"}],"predecessor-version":[{"id":1907,"href":"https:\/\/diariorepublica.com.ar\/web\/index.php\/wp-json\/wp\/v2\/posts\/1905\/revisions\/1907"}],"wp:featuredmedia":[{"embeddable":true,"href":"https:\/\/diariorepublica.com.ar\/web\/index.php\/wp-json\/wp\/v2\/media\/1906"}],"wp:attachment":[{"href":"https:\/\/diariorepublica.com.ar\/web\/index.php\/wp-json\/wp\/v2\/media?parent=1905"}],"wp:term":[{"taxonomy":"category","embeddable":true,"href":"https:\/\/diariorepublica.com.ar\/web\/index.php\/wp-json\/wp\/v2\/categories?post=1905"},{"taxonomy":"post_tag","embeddable":true,"href":"https:\/\/diariorepublica.com.ar\/web\/index.php\/wp-json\/wp\/v2\/tags?post=1905"}],"curies":[{"name":"wp","href":"https:\/\/api.w.org\/{rel}","templated":true}]}}