{"id":1908,"date":"2023-04-22T18:28:00","date_gmt":"2023-04-22T21:28:00","guid":{"rendered":"https:\/\/diariorepublica.com.ar\/web\/?p=1908"},"modified":"2023-04-22T19:30:40","modified_gmt":"2023-04-22T22:30:40","slug":"del-potro-cumplira-la-promesa-mundialista-voy-a-estar-en-el-us-open","status":"publish","type":"post","link":"https:\/\/diariorepublica.com.ar\/web\/index.php\/deportes\/2023\/04\/22\/del-potro-cumplira-la-promesa-mundialista-voy-a-estar-en-el-us-open\/","title":{"rendered":"Del Potro cumplir\u00e1 la promesa mundialista: \u00abVoy a estar en el US Open\u00bb"},"content":{"rendered":"<article id=\"article-post\" class=\"first\">\n<div class=\"cuerpo\" data-twitter-link=\"https:\/\/twitter.com\/intent\/tweet?url=https:\/\/www.diariopopular.com.ar\/c710114&amp;via=poopulardiario&amp;related=Popular&amp;text=\">\n<p><strong>Juan Mart\u00edn Del Potro<\/strong>, un hombre de palabra. El tandilense prometi\u00f3 regresar a las canchas si la Selecci\u00f3n Argentina se consagraba de la Copa del Mundo en Qatar y est\u00e1 detr\u00e1s de ese objetivo para cumplir con el pacto: \u00abVoy a estar en el\u00a0<strong>US Open<\/strong>\u00ab, reiter\u00f3 este s\u00e1bado el tenista, quien se retir\u00f3 de la actividad profesional en febrero de 2022.<\/p>\n<\/div>\n<\/article>\n<article id=\"article-post\">\n<div class=\"cuerpo\" data-twitter-link=\"https:\/\/twitter.com\/intent\/tweet?url=https:\/\/www.diariopopular.com.ar\/c710114&amp;via=poopulardiario&amp;related=Popular&amp;text=\">\n<p>El argentino confirm\u00f3 su presencia en el \u00faltimo Grand Slam del a\u00f1o en las \u00faltimas horas en declaraciones a la prensa en Miami, donde se encuentra entrenando con rutinas especiales bajo las \u00f3rdenes del reconocido preparador f\u00edsico Duglas Cordero, con el objetivo volver a competir.<\/p>\n<p>El US Open, cuarto y \u00faltimo torneo de Grand Slam del a\u00f1o, se jugar\u00e1 en Nueva York desde el 28 de agosto al 10 de septiembre. Del Potro consigui\u00f3 este certamen en 2009 tras imponerse en la final sobre el suizo Roger Federer.<\/p>\n<p>La Torre de Tandil hab\u00eda prometido jugar el\u00a0<strong>US Open<\/strong>\u00a0si el seleccionado argentino se quedaba con el campeonato mundial de Qatar. Incluso, se manifest\u00f3 al respecto luego de lo sucedido en tierras qatar\u00edes: \u00abAhora Lionel Messi y el equipo me pusieron a entrenar\u00bb.<\/p>\n<p>Para poder jugar el US Open el tandilense necesitar\u00e1 una wildcard (invitaci\u00f3n especial) de la organizaci\u00f3n del torneo, ya que est\u00e1 sin ranking desde su \u00faltimo partido como profesional, que fue en febrero de 2022 en el Argentina Open, cuando perdi\u00f3 en la ronda inicial frente a Federico Delbonis, por 6-1 y 6-3 en la cancha central Guillermo Vilas del Buenos Aires Lawn Tennis Club.<\/p>\n<p>Del Potro, quien fue n\u00famero 3 del mundo en 2018 y conquist\u00f3 22 t\u00edtulos en el circuito de la ATP, gan\u00f3 adem\u00e1s la Copa Davis 2016 y fue medalla de bronce en los Juegos de Londres 2012 y de plata en los de R\u00edo 2016.<\/p>\n<\/div>\n<\/article>\n","protected":false},"excerpt":{"rendered":"<p>Juan Mart\u00edn Del Potro, un hombre de palabra. El tandilense prometi\u00f3 regresar a las canchas si la Selecci\u00f3n Argentina se<\/p>\n","protected":false},"author":1,"featured_media":1909,"comment_status":"closed","ping_status":"closed","sticky":false,"template":"","format":"standard","meta":{"footnotes":"","jetpack_publicize_message":"","jetpack_publicize_feature_enabled":true,"jetpack_social_post_already_shared":false,"jetpack_social_options":{"image_generator_settings":{"template":"highway","enabled":false},"version":2}},"categories":[9],"tags":[],"class_list":["post-1908","post","type-post","status-publish","format-standard","has-post-thumbnail","hentry","category-deportes"],"jetpack_publicize_connections":[],"_links":{"self":[{"href":"https:\/\/diariorepublica.com.ar\/web\/index.php\/wp-json\/wp\/v2\/posts\/1908"}],"collection":[{"href":"https:\/\/diariorepublica.com.ar\/web\/index.php\/wp-json\/wp\/v2\/posts"}],"about":[{"href":"https:\/\/diariorepublica.com.ar\/web\/index.php\/wp-json\/wp\/v2\/types\/post"}],"author":[{"embeddable":true,"href":"https:\/\/diariorepublica.com.ar\/web\/index.php\/wp-json\/wp\/v2\/users\/1"}],"replies":[{"embeddable":true,"href":"https:\/\/diariorepublica.com.ar\/web\/index.php\/wp-json\/wp\/v2\/comments?post=1908"}],"version-history":[{"count":1,"href":"https:\/\/diariorepublica.com.ar\/web\/index.php\/wp-json\/wp\/v2\/posts\/1908\/revisions"}],"predecessor-version":[{"id":1910,"href":"https:\/\/diariorepublica.com.ar\/web\/index.php\/wp-json\/wp\/v2\/posts\/1908\/revisions\/1910"}],"wp:featuredmedia":[{"embeddable":true,"href":"https:\/\/diariorepublica.com.ar\/web\/index.php\/wp-json\/wp\/v2\/media\/1909"}],"wp:attachment":[{"href":"https:\/\/diariorepublica.com.ar\/web\/index.php\/wp-json\/wp\/v2\/media?parent=1908"}],"wp:term":[{"taxonomy":"category","embeddable":true,"href":"https:\/\/diariorepublica.com.ar\/web\/index.php\/wp-json\/wp\/v2\/categories?post=1908"},{"taxonomy":"post_tag","embeddable":true,"href":"https:\/\/diariorepublica.com.ar\/web\/index.php\/wp-json\/wp\/v2\/tags?post=1908"}],"curies":[{"name":"wp","href":"https:\/\/api.w.org\/{rel}","templated":true}]}}