{"id":19104,"date":"2024-10-09T08:32:00","date_gmt":"2024-10-09T11:32:00","guid":{"rendered":"https:\/\/diariorepublica.com.ar\/web\/?p=19104"},"modified":"2024-10-09T07:33:54","modified_gmt":"2024-10-09T10:33:54","slug":"el-peronismo-cordobes-se-despega-de-la-candidatura-de-cristina-kirchner-al-pj","status":"publish","type":"post","link":"https:\/\/diariorepublica.com.ar\/web\/index.php\/politica\/2024\/10\/09\/el-peronismo-cordobes-se-despega-de-la-candidatura-de-cristina-kirchner-al-pj\/","title":{"rendered":"El peronismo cordob\u00e9s se despega de la candidatura de Cristina Kirchner al PJ"},"content":{"rendered":"<p>El peronismo cordob\u00e9s se despeg\u00f3 de la\u00a0candidatura a la Presidencia del Partido Justicialista de Cristina Kirchner, luego del operativo clamor que lanz\u00f3 La C\u00e1mpora, la agrupaci\u00f3n pol\u00edtica insignia del kirchnerismo durante la semana pasada.<\/p>\n<p>Lo hizo de manera oficial a trav\u00e9s de la senadora Alejandra Vigo, esposa del ex gobernador cordob\u00e9s Juan Schiaretti.<\/p>\n<p>\u00abEl peronismo de C\u00f3rdoba hace a\u00f1os que no participa de la vida interna del PJ nacional porque somos un distrito en el que nada tenemos que ver con el kirchnerismo\u00bb, lanz\u00f3 Vigo en su cuenta de X.<\/p>\n<p>En esa l\u00ednea, continu\u00f3: \u00abNo lo hicimos cuando presid\u00eda el PJ Alberto Fern\u00e1ndez, el presidente de la Naci\u00f3n violento e incapaz elegido por Cristina. Y tampoco debemos hacerlo ahora, en este ensayo desesperado que quiere ejecutar CFK que, cuando fue Presidenta, dinamit\u00f3 los canales de di\u00e1logo y la buena convivencia entre los argentinos, profundiz\u00f3 una grieta que le hizo tanto da\u00f1o al pa\u00eds y contribuy\u00f3 a este presente de pobreza\u00bb.<\/p>\n<p>\u00abPara los peronistas de C\u00f3rdoba lo importante no es la rosca pol\u00edtica, sino la gesti\u00f3n orientada a la producci\u00f3n y el trabajo en la provincia y en el pa\u00eds\u00bb, agreg\u00f3 Vigo.<\/p>\n<p>El lunes, la ex presidenta Cristina Kirchner anunci\u00f3 que lanzar\u00e1 su candidatura para presidir el PJ. El gobernador de La Rioja, Ricardo Quintela, avis\u00f3 que \u201cseguir\u00e1 adelante\u201d con su postulaci\u00f3n para el mismo cargo.<\/p>\n","protected":false},"excerpt":{"rendered":"<p>El peronismo cordob\u00e9s se despeg\u00f3 de la\u00a0candidatura a la Presidencia del Partido Justicialista de Cristina Kirchner, luego del operativo clamor<\/p>\n","protected":false},"author":1,"featured_media":19105,"comment_status":"closed","ping_status":"closed","sticky":false,"template":"","format":"standard","meta":{"footnotes":"","jetpack_publicize_message":"","jetpack_publicize_feature_enabled":true,"jetpack_social_post_already_shared":true,"jetpack_social_options":{"image_generator_settings":{"template":"highway","enabled":false},"version":2}},"categories":[12],"tags":[],"class_list":["post-19104","post","type-post","status-publish","format-standard","has-post-thumbnail","hentry","category-politica"],"jetpack_publicize_connections":[],"_links":{"self":[{"href":"https:\/\/diariorepublica.com.ar\/web\/index.php\/wp-json\/wp\/v2\/posts\/19104"}],"collection":[{"href":"https:\/\/diariorepublica.com.ar\/web\/index.php\/wp-json\/wp\/v2\/posts"}],"about":[{"href":"https:\/\/diariorepublica.com.ar\/web\/index.php\/wp-json\/wp\/v2\/types\/post"}],"author":[{"embeddable":true,"href":"https:\/\/diariorepublica.com.ar\/web\/index.php\/wp-json\/wp\/v2\/users\/1"}],"replies":[{"embeddable":true,"href":"https:\/\/diariorepublica.com.ar\/web\/index.php\/wp-json\/wp\/v2\/comments?post=19104"}],"version-history":[{"count":1,"href":"https:\/\/diariorepublica.com.ar\/web\/index.php\/wp-json\/wp\/v2\/posts\/19104\/revisions"}],"predecessor-version":[{"id":19106,"href":"https:\/\/diariorepublica.com.ar\/web\/index.php\/wp-json\/wp\/v2\/posts\/19104\/revisions\/19106"}],"wp:featuredmedia":[{"embeddable":true,"href":"https:\/\/diariorepublica.com.ar\/web\/index.php\/wp-json\/wp\/v2\/media\/19105"}],"wp:attachment":[{"href":"https:\/\/diariorepublica.com.ar\/web\/index.php\/wp-json\/wp\/v2\/media?parent=19104"}],"wp:term":[{"taxonomy":"category","embeddable":true,"href":"https:\/\/diariorepublica.com.ar\/web\/index.php\/wp-json\/wp\/v2\/categories?post=19104"},{"taxonomy":"post_tag","embeddable":true,"href":"https:\/\/diariorepublica.com.ar\/web\/index.php\/wp-json\/wp\/v2\/tags?post=19104"}],"curies":[{"name":"wp","href":"https:\/\/api.w.org\/{rel}","templated":true}]}}