{"id":19122,"date":"2024-10-09T09:47:00","date_gmt":"2024-10-09T12:47:00","guid":{"rendered":"https:\/\/diariorepublica.com.ar\/web\/?p=19122"},"modified":"2024-10-09T07:49:45","modified_gmt":"2024-10-09T10:49:45","slug":"el-gobierno-pondra-a-la-venta-el-49-de-arsat-y-podria-salir-a-la-bolsa-en-2025","status":"publish","type":"post","link":"https:\/\/diariorepublica.com.ar\/web\/index.php\/nacionales\/2024\/10\/09\/el-gobierno-pondra-a-la-venta-el-49-de-arsat-y-podria-salir-a-la-bolsa-en-2025\/","title":{"rendered":"El Gobierno pondr\u00e1 a la venta el 49% de ARSAT y podr\u00eda salir a la Bolsa en 2025"},"content":{"rendered":"<article class=\"article-body article-body--first-paragraph content-protected-false\" data-td-script-src=\"https:\/\/www.ambito.com\/td\/modulos\/encuestas\/js\/function-embeds-min-version-1728360451.js\">En el marco del\u00a0plan de achicamiento del gasto p\u00fablico,\u00a0<strong>el Gobierno iniciar\u00e1 el proceso de privatizaci\u00f3n del 49% de la\u00a0estatal Arsat<\/strong>. En 2025 podr\u00eda salir a la\u00a0<strong>Bolsa<\/strong>\u00a0en busca de\u00a0<strong>capitales.<\/strong><\/p>\n<\/article>\n<article class=\"article-body article-body--second-paragraph content-protected-false\">Pese a que la compa\u00f1\u00eda qued\u00f3 fuera de la\u00a0<strong>ley Bases<\/strong>\u00a0como sujeta a privatizaci\u00f3n, el\u00a0<strong>Poder Ejecutivo<\/strong>\u00a0buscar\u00e1 avanzar en un modelo de sociedad mixta, permitiendo el ingreso de capitales pero sin perder la mayor\u00eda accionaria, tal y como ocurre en la petrolera\u00a0<strong>YPF.<\/strong><\/p>\n<article class=\"article-body article-body--third-paragraph content-protected-false\">Su\u00a0actual presidente,\u00a0<strong>Mariano Greco<\/strong><strong>,<\/strong>\u00a0confirm\u00f3 la decisi\u00f3n gubernamental durante su participaci\u00f3n en las<strong>\u00a0\u201c34\u00b0 Jornadas Internacionales ATVC 2024: Innovaci\u00f3n para un futuro sostenible\u201d<\/strong>, que tuvieron lugar los \u00faltimos d\u00edas en Buenos Aires.<\/p>\n<\/article>\n<article class=\"article-body article-body--fourth-paragraph content-protected-false\">\u201cEn este momento estamos en un proceso de reordenamiento y puesta en valor de los activos\u00bb, dijo Greco y adelant\u00f3 que la idea es que \u00abingrese capital privado a la compa\u00f1\u00eda y la modalidad va a ser salir a la Bolsa con un porcentaje de las acciones Clase B, las Clase A son las que tiene el Estado\u201d.<\/p>\n<p>El funcionario afirm\u00f3 que\u00a0<strong>Arsat<\/strong>\u00a0es\u00a0<strong>\u00abuna empresa consolidada en t\u00e9rminos tecnol\u00f3gicos\u00bb\u00a0<\/strong>a la que<strong>\u00a0\u00able falta fundamentalmente expandirse y abrirse\u00bb<\/strong>. Ante esa situaci\u00f3n,\u00a0<strong>Greco<\/strong>\u00a0adelant\u00f3 que en esa apertur<strong>a \u00abla idea es salir a la Bolsa\u00bb.<\/strong><\/p>\n<p>\u00abPondremos en juego el porcentaje de acciones que sea m\u00e1s conveniente para la valoraci\u00f3n de la empresa\u201d, adelant\u00f3 el titular de la empresa de conectividad satelital. \u201c<strong>La idea de salir con el 49% a la venta<\/strong>. No sabemos bien con qu\u00e9 porcentaje, pero s\u00ed, la idea es salir. Vamos a poner en juego el porcentaje de acciones que sea m\u00e1s conveniente para la valoraci\u00f3n de la empresa\u201d, confirm\u00f3.<\/p>\n<p>La empresa fue creada en 2006, durante la presidencia de\u00a0<strong>N\u00e9stor Kirchner,<\/strong>\u00a0mediante la\u00a0<strong>ley 26.092.<\/strong>\u00a0\u201cBrindamos conectividad mayorista para acortar la brecha digital entre las peque\u00f1as localidades y las grandes ciudades\u201d, destaca en su web. Su misi\u00f3n \u00abes generar condiciones de igualdad en el acceso al servicio de las telecomunicaciones en todo el pa\u00eds, conectando a los argentinos con infraestructura terrestre y satelital\u00bb.<\/p>\n<p>\u00abNuestra visi\u00f3n es transformar el mercado de las telecomunicaciones generando valor para la naci\u00f3n y bienestar de los argentinos\u201d, agrega el sitio de la compa\u00f1\u00eda estatal.<\/p>\n<p><strong>Durante las jornadas internacionales de ATVC tambi\u00e9n disert\u00f3 Dar\u00edo Genua<\/strong>, secretario de Innovaci\u00f3n, Ciencia y Tecnolog\u00eda de la Naci\u00f3n. \u201cTrabajamos por un Estado que asegure un clima propicio para que las empresas inviertan en Argentina\u201d, destac\u00f3.<\/p>\n<p>Adem\u00e1s, habl\u00f3 sobre los objetivos que tiene la industria TIC argentina. \u201cLa era digital nos enfrenta a importantes desaf\u00edos, entre los cuales se destaca la evoluci\u00f3n acelerada de la Inteligencia Artificial y su implementaci\u00f3n en diversos sectores de la econom\u00eda. El fen\u00f3meno de la transformaci\u00f3n digital nos impulsa a redoblar esfuerzos e innovar para no quedarnos atr\u00e1s en la carrera del desarrollo tecnol\u00f3gico\u201d, dijo.<\/p>\n<p>ambito.com<\/p>\n<\/article>\n<\/article>\n","protected":false},"excerpt":{"rendered":"<p>En el marco del\u00a0plan de achicamiento del gasto p\u00fablico,\u00a0el Gobierno iniciar\u00e1 el proceso de privatizaci\u00f3n del 49% de la\u00a0estatal Arsat.<\/p>\n","protected":false},"author":1,"featured_media":19123,"comment_status":"closed","ping_status":"closed","sticky":false,"template":"","format":"standard","meta":{"footnotes":"","jetpack_publicize_message":"","jetpack_publicize_feature_enabled":true,"jetpack_social_post_already_shared":true,"jetpack_social_options":{"image_generator_settings":{"template":"highway","enabled":false},"version":2}},"categories":[4],"tags":[],"class_list":["post-19122","post","type-post","status-publish","format-standard","has-post-thumbnail","hentry","category-nacionales"],"jetpack_publicize_connections":[],"_links":{"self":[{"href":"https:\/\/diariorepublica.com.ar\/web\/index.php\/wp-json\/wp\/v2\/posts\/19122"}],"collection":[{"href":"https:\/\/diariorepublica.com.ar\/web\/index.php\/wp-json\/wp\/v2\/posts"}],"about":[{"href":"https:\/\/diariorepublica.com.ar\/web\/index.php\/wp-json\/wp\/v2\/types\/post"}],"author":[{"embeddable":true,"href":"https:\/\/diariorepublica.com.ar\/web\/index.php\/wp-json\/wp\/v2\/users\/1"}],"replies":[{"embeddable":true,"href":"https:\/\/diariorepublica.com.ar\/web\/index.php\/wp-json\/wp\/v2\/comments?post=19122"}],"version-history":[{"count":1,"href":"https:\/\/diariorepublica.com.ar\/web\/index.php\/wp-json\/wp\/v2\/posts\/19122\/revisions"}],"predecessor-version":[{"id":19124,"href":"https:\/\/diariorepublica.com.ar\/web\/index.php\/wp-json\/wp\/v2\/posts\/19122\/revisions\/19124"}],"wp:featuredmedia":[{"embeddable":true,"href":"https:\/\/diariorepublica.com.ar\/web\/index.php\/wp-json\/wp\/v2\/media\/19123"}],"wp:attachment":[{"href":"https:\/\/diariorepublica.com.ar\/web\/index.php\/wp-json\/wp\/v2\/media?parent=19122"}],"wp:term":[{"taxonomy":"category","embeddable":true,"href":"https:\/\/diariorepublica.com.ar\/web\/index.php\/wp-json\/wp\/v2\/categories?post=19122"},{"taxonomy":"post_tag","embeddable":true,"href":"https:\/\/diariorepublica.com.ar\/web\/index.php\/wp-json\/wp\/v2\/tags?post=19122"}],"curies":[{"name":"wp","href":"https:\/\/api.w.org\/{rel}","templated":true}]}}