{"id":1914,"date":"2023-04-22T21:34:00","date_gmt":"2023-04-23T00:34:00","guid":{"rendered":"https:\/\/diariorepublica.com.ar\/web\/?p=1914"},"modified":"2023-04-22T19:37:57","modified_gmt":"2023-04-22T22:37:57","slug":"cronograma-recorrido-y-a-que-hora-inicia-la-procesion-de-la-virgen","status":"publish","type":"post","link":"https:\/\/diariorepublica.com.ar\/web\/index.php\/sociedad\/2023\/04\/22\/cronograma-recorrido-y-a-que-hora-inicia-la-procesion-de-la-virgen\/","title":{"rendered":"Cronograma: recorrido y a qu\u00e9 hora inicia la Procesi\u00f3n de la Virgen"},"content":{"rendered":"<p>La Di\u00f3cesis de Catamarca hizo p\u00fablico el recorrido que tendr\u00e1 la procesi\u00f3n que se celebrar\u00e1 ma\u00f1ana, domingo, a las 17:30 horas, con la sagrada imagen de nuestra se\u00f1ora del valle.<\/p>\n<p>El recorrido inicia en la Plaza del Maestro y se dirigir\u00e1 hacia el sur por la Av. Virgen del Valle hasta llegar a la Alameda, pasando por la r\u00e9plica a gran tama\u00f1o de la corona perteneciente a la Virgen. Luego seguir\u00e1 el trayecto por calle San Mart\u00edn para finalizar el camino rodeando la plaza central y as\u00ed llegar a la Catedral Bas\u00edlica.<\/p>\n<p><img loading=\"lazy\" decoding=\"async\" src=\"https:\/\/www.catamarcactual.com.ar\/u\/fotografias\/m\/2023\/4\/22\/f768x1-265672_265799_5050.jpeg\" alt=\"\" width=\"768\" height=\"1066\" \/><\/p>\n","protected":false},"excerpt":{"rendered":"<p>La Di\u00f3cesis de Catamarca hizo p\u00fablico el recorrido que tendr\u00e1 la procesi\u00f3n que se celebrar\u00e1 ma\u00f1ana, domingo, a las 17:30<\/p>\n","protected":false},"author":1,"featured_media":1915,"comment_status":"closed","ping_status":"closed","sticky":false,"template":"","format":"standard","meta":{"footnotes":"","jetpack_publicize_message":"","jetpack_publicize_feature_enabled":true,"jetpack_social_post_already_shared":false,"jetpack_social_options":{"image_generator_settings":{"template":"highway","enabled":false},"version":2}},"categories":[3],"tags":[],"class_list":["post-1914","post","type-post","status-publish","format-standard","has-post-thumbnail","hentry","category-sociedad"],"jetpack_publicize_connections":[],"_links":{"self":[{"href":"https:\/\/diariorepublica.com.ar\/web\/index.php\/wp-json\/wp\/v2\/posts\/1914"}],"collection":[{"href":"https:\/\/diariorepublica.com.ar\/web\/index.php\/wp-json\/wp\/v2\/posts"}],"about":[{"href":"https:\/\/diariorepublica.com.ar\/web\/index.php\/wp-json\/wp\/v2\/types\/post"}],"author":[{"embeddable":true,"href":"https:\/\/diariorepublica.com.ar\/web\/index.php\/wp-json\/wp\/v2\/users\/1"}],"replies":[{"embeddable":true,"href":"https:\/\/diariorepublica.com.ar\/web\/index.php\/wp-json\/wp\/v2\/comments?post=1914"}],"version-history":[{"count":1,"href":"https:\/\/diariorepublica.com.ar\/web\/index.php\/wp-json\/wp\/v2\/posts\/1914\/revisions"}],"predecessor-version":[{"id":1916,"href":"https:\/\/diariorepublica.com.ar\/web\/index.php\/wp-json\/wp\/v2\/posts\/1914\/revisions\/1916"}],"wp:featuredmedia":[{"embeddable":true,"href":"https:\/\/diariorepublica.com.ar\/web\/index.php\/wp-json\/wp\/v2\/media\/1915"}],"wp:attachment":[{"href":"https:\/\/diariorepublica.com.ar\/web\/index.php\/wp-json\/wp\/v2\/media?parent=1914"}],"wp:term":[{"taxonomy":"category","embeddable":true,"href":"https:\/\/diariorepublica.com.ar\/web\/index.php\/wp-json\/wp\/v2\/categories?post=1914"},{"taxonomy":"post_tag","embeddable":true,"href":"https:\/\/diariorepublica.com.ar\/web\/index.php\/wp-json\/wp\/v2\/tags?post=1914"}],"curies":[{"name":"wp","href":"https:\/\/api.w.org\/{rel}","templated":true}]}}