{"id":19280,"date":"2024-10-16T10:33:18","date_gmt":"2024-10-16T13:33:18","guid":{"rendered":"https:\/\/diariorepublica.com.ar\/web\/?p=19280"},"modified":"2024-10-16T10:33:20","modified_gmt":"2024-10-16T13:33:20","slug":"norma-halmallan-pondra-su-voz-al-sexto-episodio-de-nuestras-voces","status":"publish","type":"post","link":"https:\/\/diariorepublica.com.ar\/web\/index.php\/locales\/2024\/10\/16\/norma-halmallan-pondra-su-voz-al-sexto-episodio-de-nuestras-voces\/","title":{"rendered":"Norma Halmall\u00e1n pondr\u00e1 su voz al sexto episodio de \u201cNuestras Voces\u201d"},"content":{"rendered":"<div class=\"aju\">\n<div class=\"aCi\"><\/div>\n<\/div>\n<div class=\"gs\">\n<div class=\"\">\n<div id=\":10f\" class=\"ii gt\">\n<div id=\":10e\" class=\"a3s aiL \">\n<div dir=\"ltr\">El ciclo audiovisual \u00abNuestras Voces\u00bb, organizado desde la Vicegobernaci\u00f3n que conduce Rub\u00e9n Dusso, presentando m\u00fasica catamarque\u00f1a en vivo desde Biblioteca del Senado, prepara el lanzamiento de su quinto episodio para este mi\u00e9rcoles.<\/p>\n<p>La nueva entrega de Nuestras Voces, que se presentar\u00e1 este mi\u00e9rcoles 16 de octubre a las 20 horas en la fanpage de Facebook de Senado, llega con la voz y la presencia de la cantante Norma Halmall\u00e1n, que interpretar\u00e1 una de las canciones de nuestra historia cultural que se ha convertido en himno, valorando y homenajeando a la vida desde su dimensi\u00f3n m\u00e1s sencilla y profunda.<\/p>\n<p><b>Sobre Nuestra Voces<\/b><\/p>\n<p>El ciclo audiovisual de m\u00fasica emitido desde la Biblioteca del Senado hace un recorrido por la cultura catamarque\u00f1a de la mano de artistas e int\u00e9rpretes que ponen de relieve la significancia que para cada uno tiene la historia y letra de la obra que elige para su presentaci\u00f3n, ya sea desde el canto, la copla, el recitado o la m\u00fasica urbana.<\/p>\n<p>El proyecto producido \u00edntegramente por el equipo de Vicegobernaci\u00f3n, cuenta con representantes pertenecientes a los departamentos de la provincia, proponiendo al p\u00fablico tender un puente entre el arte y su significado, como una unidad de sentido que permite a sonido de la voz permite al sonido de la voz o el instrumento, transportar nada m\u00e1s y nada menos que las huellas de la cultura en un momento tan especial de la historia como el actual.<\/p>\n<p>Los episodios de Nuestras Voces, en el siguiente link:\u00a0<a href=\"https:\/\/youtube.com\/@senadodecatamarca7074\" target=\"_blank\" rel=\"noopener\" data-saferedirecturl=\"https:\/\/www.google.com\/url?q=https:\/\/youtube.com\/@senadodecatamarca7074&amp;source=gmail&amp;ust=1729171916967000&amp;usg=AOvVaw39mW4mOwmsfKarDO3EkXFV\">https:\/\/youtube.com\/@<wbr \/>senadodecatamarca7074<\/a><\/div>\n<\/div>\n<\/div>\n<\/div>\n<\/div>\n","protected":false},"excerpt":{"rendered":"<p>El ciclo audiovisual \u00abNuestras Voces\u00bb, organizado desde la Vicegobernaci\u00f3n que conduce Rub\u00e9n Dusso, presentando m\u00fasica catamarque\u00f1a en vivo desde Biblioteca<\/p>\n","protected":false},"author":1,"featured_media":19281,"comment_status":"closed","ping_status":"closed","sticky":false,"template":"","format":"standard","meta":{"footnotes":"","jetpack_publicize_message":"","jetpack_publicize_feature_enabled":true,"jetpack_social_post_already_shared":true,"jetpack_social_options":{"image_generator_settings":{"template":"highway","enabled":false},"version":2}},"categories":[2],"tags":[],"class_list":["post-19280","post","type-post","status-publish","format-standard","has-post-thumbnail","hentry","category-locales"],"jetpack_publicize_connections":[],"_links":{"self":[{"href":"https:\/\/diariorepublica.com.ar\/web\/index.php\/wp-json\/wp\/v2\/posts\/19280"}],"collection":[{"href":"https:\/\/diariorepublica.com.ar\/web\/index.php\/wp-json\/wp\/v2\/posts"}],"about":[{"href":"https:\/\/diariorepublica.com.ar\/web\/index.php\/wp-json\/wp\/v2\/types\/post"}],"author":[{"embeddable":true,"href":"https:\/\/diariorepublica.com.ar\/web\/index.php\/wp-json\/wp\/v2\/users\/1"}],"replies":[{"embeddable":true,"href":"https:\/\/diariorepublica.com.ar\/web\/index.php\/wp-json\/wp\/v2\/comments?post=19280"}],"version-history":[{"count":1,"href":"https:\/\/diariorepublica.com.ar\/web\/index.php\/wp-json\/wp\/v2\/posts\/19280\/revisions"}],"predecessor-version":[{"id":19282,"href":"https:\/\/diariorepublica.com.ar\/web\/index.php\/wp-json\/wp\/v2\/posts\/19280\/revisions\/19282"}],"wp:featuredmedia":[{"embeddable":true,"href":"https:\/\/diariorepublica.com.ar\/web\/index.php\/wp-json\/wp\/v2\/media\/19281"}],"wp:attachment":[{"href":"https:\/\/diariorepublica.com.ar\/web\/index.php\/wp-json\/wp\/v2\/media?parent=19280"}],"wp:term":[{"taxonomy":"category","embeddable":true,"href":"https:\/\/diariorepublica.com.ar\/web\/index.php\/wp-json\/wp\/v2\/categories?post=19280"},{"taxonomy":"post_tag","embeddable":true,"href":"https:\/\/diariorepublica.com.ar\/web\/index.php\/wp-json\/wp\/v2\/tags?post=19280"}],"curies":[{"name":"wp","href":"https:\/\/api.w.org\/{rel}","templated":true}]}}