{"id":19298,"date":"2024-10-16T00:10:00","date_gmt":"2024-10-16T03:10:00","guid":{"rendered":"https:\/\/diariorepublica.com.ar\/web\/?p=19298"},"modified":"2024-10-16T11:11:10","modified_gmt":"2024-10-16T14:11:10","slug":"gago-se-reunio-con-los-referentes-y-les-aclaro-que-jugara-el-que-este-mejor","status":"publish","type":"post","link":"https:\/\/diariorepublica.com.ar\/web\/index.php\/deportes\/2024\/10\/16\/gago-se-reunio-con-los-referentes-y-les-aclaro-que-jugara-el-que-este-mejor\/","title":{"rendered":"Gago se reuni\u00f3 con los referentes y les aclar\u00f3 que jugar\u00e1 el que est\u00e9 mejor"},"content":{"rendered":"<p>El director t\u00e9cnico de Boca Juniors, Fernando Gago, en su segundo d\u00eda de trabajo en el predio de Ezeiza, realiz\u00f3 una pr\u00e1ctica en la que exigi\u00f3 a sus dirigidos intensidad y precisi\u00f3n, y previamente mantuvo una charla con los referentes del plantel, a quienes les repiti\u00f3 que \u00abjugar\u00e1 el que est\u00e9 mejor\u00bb.<\/p>\n<p>De esta forma, dej\u00f3 abierta la posibilidad de que puedan retornar a la titularidad el arquero Sergio Romero y el defensor Marcos Rojo. Gago ya puede contar con la totalidad de los futbolistas que integran el plantel, a excepci\u00f3n del peruano Luis Adv\u00edncula y del uruguayo Marcelo Sarachi, que se encuentran en sus respectivas selecciones que afrontan las Eliminatorias Sudamericanas.<\/p>\n<p>El \u00fanico jugador que no podr\u00e1 contar Gago, por expresa indicaci\u00f3n del Consejo de F\u00fatbol, es el defensor Nicol\u00e1s Valentini, qui\u00e9n se alejar\u00e1 del club y ya firm\u00f3 un precontrato con la Fiorentina, de Italia.<\/p>\n<p>El resto del plantel qued\u00f3 a disposici\u00f3n del cuerpo t\u00e9cnico, ya que el mediocampista Cristian Medina, que padec\u00eda una lesi\u00f3n muscular, se recuper\u00f3 y se uni\u00f3 al grupo.<\/p>\n<p>Dado que Boca jugar\u00e1 el s\u00e1bado, a las 19.15 en Victoria frente a Tigre, por la decimo octava fecha de la Liga Profesional y el mi\u00e9rcoles 23 tendr\u00e1 un choque decisivo frente a Gimnasia y Esgrima La Plata, en la cancha de Newell&#8217;s por la Copa Argentina, Gago no defini\u00f3 a\u00fan si utilizar\u00e1 un mix entre titulares y suplentes en el estadio Jos\u00e9 Dellagiovanna.<\/p>\n<p>Entonces, dado que el arquero Sergio Romero ya cumpli\u00f3 con la sanci\u00f3n de dos fechas de suspensi\u00f3n que le impuso el club por un incidente que protagoniz\u00f3 con la hinchada local tras el supercl\u00e1sico donde Boca cay\u00f3 1 a 0 ante River en La Bombonera, Gago deber\u00e1 optar por darle continuidad al juvenil Leandro Brey o si decide que vuelve Romero al arco.<\/p>\n<p>En la pr\u00e1ctica de hoy, los jugadores realizaron trabajos con pelota, a un toque, y pidi\u00f3 movilidad precisi\u00f3n, sobre todo \u00abcorrer y jugar\u00bb. El equipo Gago lo ir\u00e1 definiendo en el transcurso de la semana.<\/p>\n","protected":false},"excerpt":{"rendered":"<p>El director t\u00e9cnico de Boca Juniors, Fernando Gago, en su segundo d\u00eda de trabajo en el predio de Ezeiza, realiz\u00f3<\/p>\n","protected":false},"author":1,"featured_media":19299,"comment_status":"closed","ping_status":"closed","sticky":false,"template":"","format":"standard","meta":{"footnotes":"","jetpack_publicize_message":"","jetpack_publicize_feature_enabled":true,"jetpack_social_post_already_shared":true,"jetpack_social_options":{"image_generator_settings":{"template":"highway","enabled":false},"version":2}},"categories":[9],"tags":[],"class_list":["post-19298","post","type-post","status-publish","format-standard","has-post-thumbnail","hentry","category-deportes"],"jetpack_publicize_connections":[],"_links":{"self":[{"href":"https:\/\/diariorepublica.com.ar\/web\/index.php\/wp-json\/wp\/v2\/posts\/19298"}],"collection":[{"href":"https:\/\/diariorepublica.com.ar\/web\/index.php\/wp-json\/wp\/v2\/posts"}],"about":[{"href":"https:\/\/diariorepublica.com.ar\/web\/index.php\/wp-json\/wp\/v2\/types\/post"}],"author":[{"embeddable":true,"href":"https:\/\/diariorepublica.com.ar\/web\/index.php\/wp-json\/wp\/v2\/users\/1"}],"replies":[{"embeddable":true,"href":"https:\/\/diariorepublica.com.ar\/web\/index.php\/wp-json\/wp\/v2\/comments?post=19298"}],"version-history":[{"count":1,"href":"https:\/\/diariorepublica.com.ar\/web\/index.php\/wp-json\/wp\/v2\/posts\/19298\/revisions"}],"predecessor-version":[{"id":19300,"href":"https:\/\/diariorepublica.com.ar\/web\/index.php\/wp-json\/wp\/v2\/posts\/19298\/revisions\/19300"}],"wp:featuredmedia":[{"embeddable":true,"href":"https:\/\/diariorepublica.com.ar\/web\/index.php\/wp-json\/wp\/v2\/media\/19299"}],"wp:attachment":[{"href":"https:\/\/diariorepublica.com.ar\/web\/index.php\/wp-json\/wp\/v2\/media?parent=19298"}],"wp:term":[{"taxonomy":"category","embeddable":true,"href":"https:\/\/diariorepublica.com.ar\/web\/index.php\/wp-json\/wp\/v2\/categories?post=19298"},{"taxonomy":"post_tag","embeddable":true,"href":"https:\/\/diariorepublica.com.ar\/web\/index.php\/wp-json\/wp\/v2\/tags?post=19298"}],"curies":[{"name":"wp","href":"https:\/\/api.w.org\/{rel}","templated":true}]}}