{"id":19301,"date":"2024-10-16T00:11:00","date_gmt":"2024-10-16T03:11:00","guid":{"rendered":"https:\/\/diariorepublica.com.ar\/web\/?p=19301"},"modified":"2024-10-16T11:12:10","modified_gmt":"2024-10-16T14:12:10","slug":"uruguay-no-pudo-con-ecuador-en-montevideo","status":"publish","type":"post","link":"https:\/\/diariorepublica.com.ar\/web\/index.php\/deportes\/2024\/10\/16\/uruguay-no-pudo-con-ecuador-en-montevideo\/","title":{"rendered":"Uruguay no pudo con Ecuador en Montevideo"},"content":{"rendered":"<article id=\"article-post\" class=\"first\">\n<div class=\"cuerpo\" data-twitter-link=\"https:\/\/twitter.com\/intent\/tweet?url=https:\/\/www.diariopopular.com.ar\/c810764&amp;via=poopulardiario&amp;related=Popular&amp;text=\">\n<p><strong>Una merma notable en el segundo tiempo diluy\u00f3 las esperanzas de resoluci\u00f3n de crisis en el Uruguay de Marcelo Bielsa, que se conform\u00f3 el martes con un empate 0-0 ante Ecuador en las Eliminatorias Sudamericanas y se retir\u00f3 silbado por su p\u00fablico.<\/strong><\/p>\n<\/div>\n<\/article>\n<article id=\"article-post\">\n<div class=\"cuerpo\" data-twitter-link=\"https:\/\/twitter.com\/intent\/tweet?url=https:\/\/www.diariopopular.com.ar\/c810764&amp;via=poopulardiario&amp;related=Popular&amp;text=\">\n<p>Pese a un mejor desempe\u00f1o que en el encuentro del viernes, en el que cay\u00f3 de visita ante Per\u00fa, Uruguay no encontr\u00f3 el gol por cuarto encuentro consecutivo en la eliminatoria. Tampoco consigui\u00f3 congraciarse con buena parte de las 30.000 personas que asistieron al estadio Centenario.<\/p>\n<p>La selecci\u00f3n dirigida por el argentino Bielsa, no ha podido ganar desde la Copa Am\u00e9rica concluida en julio, en la que consigui\u00f3 el tercer puesto. Desde que se apoder\u00f3 de la medalla al superar por penales a Canad\u00e1, la\u00a0<em>Celeste<\/em>\u00a0suma tres empates y una derrota.<\/p>\n<p>Lidia adem\u00e1s con la tensi\u00f3n que generaron las declaraciones de su artillero hist\u00f3rico Luis Su\u00e1rez, retirado del combinado nacional a principios de septiembre, quien asegur\u00f3 que Bielsa hab\u00eda maltratado a jugadores y empleados del seleccionado.<\/p>\n<div id=\"embed14_wrap\" class=\"embed_cont type_freetext\" contenteditable=\"false\">\n<div id=\"embed14_content\" class=\"embed_content\">\n<div id=\"embed14_embed\">\n<div class=\"video_container\"><iframe loading=\"lazy\" class=\"video_iframe\" src=\"https:\/\/www.youtube.com\/embed\/AgKvFprSEgQ\" width=\"100%\" height=\"360\" frameborder=\"0\" scrolling=\"no\" data-gtm-yt-inspected-11=\"true\" data-mce-fragment=\"1\"><\/iframe><\/div>\n<\/div>\n<\/div>\n<div id=\"embed14_epigrafe\" class=\"embed_epigrafe\"><\/div>\n<div id=\"embed14_copyright\" class=\"embed_copyright\"><\/div>\n<\/div>\n<p>Ecuador, que ven\u00eda de un empate, una victoria y una derrota desde que el argentino Sebasti\u00e1n Beccacece tom\u00f3 las riendas del equipo, volvi\u00f3 a mostrar la resistencia defensiva que le ha permitido blindar el arco de Hern\u00e1n Gal\u00edndez al punto de recibir solo un gol en los \u00faltimos siete partidos.<\/p>\n<p>No lleg\u00f3 as\u00ed el gol que mitigara la presi\u00f3n en Uruguay. Y pudo haberlo logrado a los 32 minutos, cuando una cesi\u00f3n larga de Federico Valverde encontr\u00f3 solo a Maximiliano Araujo, de pobre partido. El extremo del Sporting de Lisboa centr\u00f3 a Darwin N\u00fa\u00f1ez y el artillero del Liverpool ingl\u00e9s gir\u00f3 en el \u00e1rea antes de disparar al palo izquierdo de la valla ecuatoriana<\/p>\n<p>Fue la jugada m\u00e1s clara de un partido friccionado e impreciso.<\/p>\n<p>La nota positiva para Bielsa es la recuperaci\u00f3n Math\u00edas Olivera y Jos\u00e9 Mar\u00eda Gim\u00e9nez, tras la suspensi\u00f3n impuesta por Conmebol. Tambi\u00e9n la sensaci\u00f3n de que los jugadores siguen confiando en el entrenador, y que las rencillas parecen haber terminado.<\/p>\n<p>Gim\u00e9nez, quien en la semana declar\u00f3 \u00abestamos 100 % con el entrenador\u00bb fue elegido capit\u00e1n y le cambi\u00f3 la cara a una defensa que ven\u00eda mostrando mucha inseguridad, sobre todo al contener, junto con Sebasti\u00e1n Bueno y Olivera, las veloces subidas de \u00c1ngelo Preciado y los precisos pelotazos de Mois\u00e9s Caicedo, los destacados de la visita.<\/p>\n<p>La doble jornada deja a Uruguay con la magra cosecha de un punto sobre 6 posibles, justo antes de entrar en terreno fangoso. Enfrentar\u00e1 a Colombia el 15 de noviembre en Montevideo y visitar\u00e1 a Brasil en Bah\u00eda, cuatro d\u00edas m\u00e1s tarde.<\/p>\n<p>Uruguay arrib\u00f3 a 16 puntos y est\u00e1 en el tercer puesto de la eliminatoria. Ecuador se ubica en el pelda\u00f1o siguiente, con 13 unidades.<\/p>\n<\/div>\n<\/article>\n","protected":false},"excerpt":{"rendered":"<p>Una merma notable en el segundo tiempo diluy\u00f3 las esperanzas de resoluci\u00f3n de crisis en el Uruguay de Marcelo Bielsa,<\/p>\n","protected":false},"author":1,"featured_media":19302,"comment_status":"closed","ping_status":"closed","sticky":false,"template":"","format":"standard","meta":{"footnotes":"","jetpack_publicize_message":"","jetpack_publicize_feature_enabled":true,"jetpack_social_post_already_shared":true,"jetpack_social_options":{"image_generator_settings":{"template":"highway","enabled":false},"version":2}},"categories":[9],"tags":[],"class_list":["post-19301","post","type-post","status-publish","format-standard","has-post-thumbnail","hentry","category-deportes"],"jetpack_publicize_connections":[],"_links":{"self":[{"href":"https:\/\/diariorepublica.com.ar\/web\/index.php\/wp-json\/wp\/v2\/posts\/19301"}],"collection":[{"href":"https:\/\/diariorepublica.com.ar\/web\/index.php\/wp-json\/wp\/v2\/posts"}],"about":[{"href":"https:\/\/diariorepublica.com.ar\/web\/index.php\/wp-json\/wp\/v2\/types\/post"}],"author":[{"embeddable":true,"href":"https:\/\/diariorepublica.com.ar\/web\/index.php\/wp-json\/wp\/v2\/users\/1"}],"replies":[{"embeddable":true,"href":"https:\/\/diariorepublica.com.ar\/web\/index.php\/wp-json\/wp\/v2\/comments?post=19301"}],"version-history":[{"count":1,"href":"https:\/\/diariorepublica.com.ar\/web\/index.php\/wp-json\/wp\/v2\/posts\/19301\/revisions"}],"predecessor-version":[{"id":19303,"href":"https:\/\/diariorepublica.com.ar\/web\/index.php\/wp-json\/wp\/v2\/posts\/19301\/revisions\/19303"}],"wp:featuredmedia":[{"embeddable":true,"href":"https:\/\/diariorepublica.com.ar\/web\/index.php\/wp-json\/wp\/v2\/media\/19302"}],"wp:attachment":[{"href":"https:\/\/diariorepublica.com.ar\/web\/index.php\/wp-json\/wp\/v2\/media?parent=19301"}],"wp:term":[{"taxonomy":"category","embeddable":true,"href":"https:\/\/diariorepublica.com.ar\/web\/index.php\/wp-json\/wp\/v2\/categories?post=19301"},{"taxonomy":"post_tag","embeddable":true,"href":"https:\/\/diariorepublica.com.ar\/web\/index.php\/wp-json\/wp\/v2\/tags?post=19301"}],"curies":[{"name":"wp","href":"https:\/\/api.w.org\/{rel}","templated":true}]}}