{"id":19323,"date":"2024-10-16T11:21:17","date_gmt":"2024-10-16T14:21:17","guid":{"rendered":"https:\/\/diariorepublica.com.ar\/web\/?p=19323"},"modified":"2024-10-16T11:21:19","modified_gmt":"2024-10-16T14:21:19","slug":"milei-aseguro-que-la-manipulacion-de-datos-del-kirchnerismo-costo-us-41-000-mm","status":"publish","type":"post","link":"https:\/\/diariorepublica.com.ar\/web\/index.php\/politica\/2024\/10\/16\/milei-aseguro-que-la-manipulacion-de-datos-del-kirchnerismo-costo-us-41-000-mm\/","title":{"rendered":"Milei asegur\u00f3 que la manipulaci\u00f3n de datos del kirchnerismo cost\u00f3 US$ 41.000 MM"},"content":{"rendered":"<p>El presidente Javier Milei acus\u00f3 hoy al kirchnerismo de haber manipulado los datos del INDEC, luego de que la justicia brit\u00e1nica dictara que la Argentina deber\u00e1 pagar 1.330 millones de euros a acreedores con bonos atados al PIB.<\/p>\n<p>\u201cPas\u00f3 una d\u00e9cada y los argentinos seguimos pagando el desastre que hicieron los in\u00fatiles e ignorantes que nos gobernaron\u201d, sentenci\u00f3 a trav\u00e9s de sus redes sociales.<\/p>\n<p>En la misma l\u00ednea, expres\u00f3: \u201cLa manipulaci\u00f3n de los datos del INDEC que hizo el kirchnerismo nos habr\u00eda costado 1.330 millones de euros\u201d.<\/p>\n<p>Desde su cuenta de X, el jefe de Estado hizo referencia a la causa conocida como \u201cCup\u00f3n PBI\u201d, en la que un grupo de fondos buitre denunci\u00f3 el perjuicio que les ocasion\u00f3 la alteraci\u00f3n de los datos estad\u00edsticos durante el gobierno de Cristina Kirchner en 2013.<\/p>\n<p>\u201cSi sumamos el Caso Repsol, la causa del juez Griesa, los intereses punitorios al Club de Par\u00eds, y la expropiaci\u00f3n ilegal de YPF, el da\u00f1o que Cristina Kirchner y Axel Kicillof le han hecho al bolsillo de los argentinos es de 41.000 millones de d\u00f3lares\u201d, subray\u00f3 el libertario en plena contienda abierta del Partido Justicialista (PJ) que enfrenta a la dos veces mandataria contra el gobernador de La Rioja, Ricardo Quintela.<\/p>\n<p>Por \u00faltimo, prometi\u00f3 \u201csalir del pozo\u00bb al que le atribuy\u00f3 a la pol\u00edtica y \u201chacer a la Argentina grande otra vez\u201d. \u201cCuesta, pero vamos a salir del pozo en el que nos hundieron los pol\u00edticos y vamos a hacer a Argentina grande otra vez\u201d, concluy\u00f3.<\/p>\n<p>Sus palabras llegan luego de que la Corte Suprema del Reino Unido rechazara el pedido de apelaci\u00f3n de Argentina y dejara firme el fallo adverso por perjudicar a tenedores de bonos al alterar la estad\u00edstica de medici\u00f3n.<\/p>\n","protected":false},"excerpt":{"rendered":"<p>El presidente Javier Milei acus\u00f3 hoy al kirchnerismo de haber manipulado los datos del INDEC, luego de que la justicia<\/p>\n","protected":false},"author":1,"featured_media":19324,"comment_status":"closed","ping_status":"closed","sticky":false,"template":"","format":"standard","meta":{"footnotes":"","jetpack_publicize_message":"","jetpack_publicize_feature_enabled":true,"jetpack_social_post_already_shared":true,"jetpack_social_options":{"image_generator_settings":{"template":"highway","enabled":false},"version":2}},"categories":[12],"tags":[],"class_list":["post-19323","post","type-post","status-publish","format-standard","has-post-thumbnail","hentry","category-politica"],"jetpack_publicize_connections":[],"_links":{"self":[{"href":"https:\/\/diariorepublica.com.ar\/web\/index.php\/wp-json\/wp\/v2\/posts\/19323"}],"collection":[{"href":"https:\/\/diariorepublica.com.ar\/web\/index.php\/wp-json\/wp\/v2\/posts"}],"about":[{"href":"https:\/\/diariorepublica.com.ar\/web\/index.php\/wp-json\/wp\/v2\/types\/post"}],"author":[{"embeddable":true,"href":"https:\/\/diariorepublica.com.ar\/web\/index.php\/wp-json\/wp\/v2\/users\/1"}],"replies":[{"embeddable":true,"href":"https:\/\/diariorepublica.com.ar\/web\/index.php\/wp-json\/wp\/v2\/comments?post=19323"}],"version-history":[{"count":1,"href":"https:\/\/diariorepublica.com.ar\/web\/index.php\/wp-json\/wp\/v2\/posts\/19323\/revisions"}],"predecessor-version":[{"id":19325,"href":"https:\/\/diariorepublica.com.ar\/web\/index.php\/wp-json\/wp\/v2\/posts\/19323\/revisions\/19325"}],"wp:featuredmedia":[{"embeddable":true,"href":"https:\/\/diariorepublica.com.ar\/web\/index.php\/wp-json\/wp\/v2\/media\/19324"}],"wp:attachment":[{"href":"https:\/\/diariorepublica.com.ar\/web\/index.php\/wp-json\/wp\/v2\/media?parent=19323"}],"wp:term":[{"taxonomy":"category","embeddable":true,"href":"https:\/\/diariorepublica.com.ar\/web\/index.php\/wp-json\/wp\/v2\/categories?post=19323"},{"taxonomy":"post_tag","embeddable":true,"href":"https:\/\/diariorepublica.com.ar\/web\/index.php\/wp-json\/wp\/v2\/tags?post=19323"}],"curies":[{"name":"wp","href":"https:\/\/api.w.org\/{rel}","templated":true}]}}