{"id":1933,"date":"2023-04-24T00:57:00","date_gmt":"2023-04-24T03:57:00","guid":{"rendered":"https:\/\/diariorepublica.com.ar\/web\/?p=1933"},"modified":"2023-04-24T07:58:08","modified_gmt":"2023-04-24T10:58:08","slug":"fallecio-el-actor-juan-carlos-ihler-quien-hizo-de-galtieri-en-argentina-1985","status":"publish","type":"post","link":"https:\/\/diariorepublica.com.ar\/web\/index.php\/espectaculos\/2023\/04\/24\/fallecio-el-actor-juan-carlos-ihler-quien-hizo-de-galtieri-en-argentina-1985\/","title":{"rendered":"Falleci\u00f3 el actor Juan Carlos Ihler,\u00a0quien hizo de Galtieri en \u00abArgentina, 1985\u00bb"},"content":{"rendered":"<p>Falleci\u00f3 el actor\u00a0<strong>Juan Carlos Ihler<\/strong>\u00a0a los 73 a\u00f1os. Particip\u00f3 de distintos proyectos que denotaron su compromiso con los\u00a0<strong>derechos humanos<\/strong>\u00a0como\u00a0<strong>TV x la Justicia<\/strong>\u00a0y encarn\u00f3 al personaje del dictador\u00a0<strong>Leopoldo\u00a0Fortunato\u00a0Galtieri\u00a0<\/strong>en la multipremiada\u00a0<strong>\u00abArgentina, 1985\u00bb<\/strong>.<\/p>\n<p>La<strong>\u00a0Asociaci\u00f3n Argentina de Actores y Actrices<\/strong>\u00a0hizo p\u00fablica la noticia en sus redes sociales. \u201cFalleci\u00f3 el actor\u00a0<strong>Juan Carlos Ihler.<\/strong>\u00a0Desarroll\u00f3 su labor art\u00edstica en el medio audiovisual, como actor y como extra. Nuestras condolencias a sus familiares y amistades. Su \u00faltimo trabajo fue en la pel\u00edcula Argentina, 1985, en la que interpret\u00f3 a\u00a0<strong>Galtieri<\/strong>\u201d,\u00a0escribieron en su cuenta de Twitter.<\/p>\n","protected":false},"excerpt":{"rendered":"<p>Falleci\u00f3 el actor\u00a0Juan Carlos Ihler\u00a0a los 73 a\u00f1os. Particip\u00f3 de distintos proyectos que denotaron su compromiso con los\u00a0derechos humanos\u00a0como\u00a0TV x<\/p>\n","protected":false},"author":1,"featured_media":1934,"comment_status":"closed","ping_status":"closed","sticky":false,"template":"","format":"standard","meta":{"footnotes":"","jetpack_publicize_message":"","jetpack_publicize_feature_enabled":true,"jetpack_social_post_already_shared":false,"jetpack_social_options":{"image_generator_settings":{"template":"highway","enabled":false},"version":2}},"categories":[7],"tags":[],"class_list":["post-1933","post","type-post","status-publish","format-standard","has-post-thumbnail","hentry","category-espectaculos"],"jetpack_publicize_connections":[],"_links":{"self":[{"href":"https:\/\/diariorepublica.com.ar\/web\/index.php\/wp-json\/wp\/v2\/posts\/1933"}],"collection":[{"href":"https:\/\/diariorepublica.com.ar\/web\/index.php\/wp-json\/wp\/v2\/posts"}],"about":[{"href":"https:\/\/diariorepublica.com.ar\/web\/index.php\/wp-json\/wp\/v2\/types\/post"}],"author":[{"embeddable":true,"href":"https:\/\/diariorepublica.com.ar\/web\/index.php\/wp-json\/wp\/v2\/users\/1"}],"replies":[{"embeddable":true,"href":"https:\/\/diariorepublica.com.ar\/web\/index.php\/wp-json\/wp\/v2\/comments?post=1933"}],"version-history":[{"count":1,"href":"https:\/\/diariorepublica.com.ar\/web\/index.php\/wp-json\/wp\/v2\/posts\/1933\/revisions"}],"predecessor-version":[{"id":1935,"href":"https:\/\/diariorepublica.com.ar\/web\/index.php\/wp-json\/wp\/v2\/posts\/1933\/revisions\/1935"}],"wp:featuredmedia":[{"embeddable":true,"href":"https:\/\/diariorepublica.com.ar\/web\/index.php\/wp-json\/wp\/v2\/media\/1934"}],"wp:attachment":[{"href":"https:\/\/diariorepublica.com.ar\/web\/index.php\/wp-json\/wp\/v2\/media?parent=1933"}],"wp:term":[{"taxonomy":"category","embeddable":true,"href":"https:\/\/diariorepublica.com.ar\/web\/index.php\/wp-json\/wp\/v2\/categories?post=1933"},{"taxonomy":"post_tag","embeddable":true,"href":"https:\/\/diariorepublica.com.ar\/web\/index.php\/wp-json\/wp\/v2\/tags?post=1933"}],"curies":[{"name":"wp","href":"https:\/\/api.w.org\/{rel}","templated":true}]}}