{"id":19332,"date":"2024-10-16T13:13:36","date_gmt":"2024-10-16T16:13:36","guid":{"rendered":"https:\/\/diariorepublica.com.ar\/web\/?p=19332"},"modified":"2024-10-16T13:13:38","modified_gmt":"2024-10-16T16:13:38","slug":"el-enre-confirmo-los-nuevos-valores-tarifarios-del-agua","status":"publish","type":"post","link":"https:\/\/diariorepublica.com.ar\/web\/index.php\/sociedad\/2024\/10\/16\/el-enre-confirmo-los-nuevos-valores-tarifarios-del-agua\/","title":{"rendered":"El ENRE confirm\u00f3 los nuevos valores tarifarios del agua"},"content":{"rendered":"<p>El Ente Regulador de Servicios P\u00fablicos de Catamarca inform\u00f3 que emiti\u00f3 la resoluci\u00f3n N\u00b0110\/24 a trav\u00e9s de la cual quedaron aprobados los nuevos valores tarifarios del servicio de agua potable y desag\u00fces cloacales para los departamentos Capital, Valle Viejo y Fray M. Esqui\u00fa.<\/p>\n<p>Los mismos regir\u00e1n a partir del sexto bimestre de 2024, seg\u00fan lo indicado por el organismo. \u00abCabe mencionar que los valores aprobados surgen del estudio econ\u00f3mico presentado por el Ente Regulador en la Audiencia P\u00fablica llevada a cabo el pasado 27 de septiembre\u00bb, apuntaron.<\/p>\n<p>De esta forma, a partir de noviembre, la tarifa del servicio de agua potable y desag\u00fces cloacales tendr\u00e1 una actualizaci\u00f3n del 110%, porcentaje que es inferior a lo solicitado por la empresa Aguas de Catamarca SAPEM. De hecho la distribuidora hab\u00eda pedido un incremento del 160% y sobre esta valor, Augusto Cesar Acu\u00f1a, ya hab\u00eda \u00a0indicado que hab\u00eda sido considerada \u00abelevada\u00bb, tras la evaluaci\u00f3n hecho a posteriori de la audiencia p\u00fablica.<\/p>\n<p>El \u00faltimo aumento para la tarifa del agua hab\u00eda sido autorizado en el mes de marzo, en ese momento la suba fue del 296% y entre los considerandos de su resoluci\u00f3n se hab\u00eda destacado que el incremento \u00abes inferior al 319% de aumento en los costos incurridos por la empresa durante el per\u00edodo en an\u00e1lisis, si se incluyera el \u00edndice de inflaci\u00f3n de enero 2024\u00bb.<\/p>\n","protected":false},"excerpt":{"rendered":"<p>El Ente Regulador de Servicios P\u00fablicos de Catamarca inform\u00f3 que emiti\u00f3 la resoluci\u00f3n N\u00b0110\/24 a trav\u00e9s de la cual quedaron<\/p>\n","protected":false},"author":1,"featured_media":19333,"comment_status":"closed","ping_status":"closed","sticky":false,"template":"","format":"standard","meta":{"footnotes":"","jetpack_publicize_message":"","jetpack_publicize_feature_enabled":true,"jetpack_social_post_already_shared":true,"jetpack_social_options":{"image_generator_settings":{"template":"highway","enabled":false},"version":2}},"categories":[3],"tags":[],"class_list":["post-19332","post","type-post","status-publish","format-standard","has-post-thumbnail","hentry","category-sociedad"],"jetpack_publicize_connections":[],"_links":{"self":[{"href":"https:\/\/diariorepublica.com.ar\/web\/index.php\/wp-json\/wp\/v2\/posts\/19332"}],"collection":[{"href":"https:\/\/diariorepublica.com.ar\/web\/index.php\/wp-json\/wp\/v2\/posts"}],"about":[{"href":"https:\/\/diariorepublica.com.ar\/web\/index.php\/wp-json\/wp\/v2\/types\/post"}],"author":[{"embeddable":true,"href":"https:\/\/diariorepublica.com.ar\/web\/index.php\/wp-json\/wp\/v2\/users\/1"}],"replies":[{"embeddable":true,"href":"https:\/\/diariorepublica.com.ar\/web\/index.php\/wp-json\/wp\/v2\/comments?post=19332"}],"version-history":[{"count":1,"href":"https:\/\/diariorepublica.com.ar\/web\/index.php\/wp-json\/wp\/v2\/posts\/19332\/revisions"}],"predecessor-version":[{"id":19334,"href":"https:\/\/diariorepublica.com.ar\/web\/index.php\/wp-json\/wp\/v2\/posts\/19332\/revisions\/19334"}],"wp:featuredmedia":[{"embeddable":true,"href":"https:\/\/diariorepublica.com.ar\/web\/index.php\/wp-json\/wp\/v2\/media\/19333"}],"wp:attachment":[{"href":"https:\/\/diariorepublica.com.ar\/web\/index.php\/wp-json\/wp\/v2\/media?parent=19332"}],"wp:term":[{"taxonomy":"category","embeddable":true,"href":"https:\/\/diariorepublica.com.ar\/web\/index.php\/wp-json\/wp\/v2\/categories?post=19332"},{"taxonomy":"post_tag","embeddable":true,"href":"https:\/\/diariorepublica.com.ar\/web\/index.php\/wp-json\/wp\/v2\/tags?post=19332"}],"curies":[{"name":"wp","href":"https:\/\/api.w.org\/{rel}","templated":true}]}}