{"id":19377,"date":"2024-10-17T14:45:00","date_gmt":"2024-10-17T17:45:00","guid":{"rendered":"https:\/\/diariorepublica.com.ar\/web\/?p=19377"},"modified":"2024-10-17T16:46:56","modified_gmt":"2024-10-17T19:46:56","slug":"catamarca-firma-un-convenio-con-la-universidad-tecnologica-nacional-para-capacitar-emprendedores","status":"publish","type":"post","link":"https:\/\/diariorepublica.com.ar\/web\/index.php\/locales\/2024\/10\/17\/catamarca-firma-un-convenio-con-la-universidad-tecnologica-nacional-para-capacitar-emprendedores\/","title":{"rendered":"Catamarca firma un convenio con la Universidad Tecnol\u00f3gica Nacional para capacitar emprendedores"},"content":{"rendered":"<p>El vicegobernador Rub\u00e9n Dusso, a cargo del Poder Ejecutivo, encabez\u00f3 esta ma\u00f1ana la firma de un convenio marco de asistencia t\u00e9cnica entre el ministerio de Industria, Comercio y Empleo de Catamarca y la Universidad Tecnol\u00f3gica Nacional &#8211; Facultad Regional Tucum\u00e1n para la capacitaci\u00f3n de emprendedores locales en distintas tem\u00e1ticas buscando sumar valor agregado a su producci\u00f3n.<\/p>\n<p>La firma representada por el ministro Sebasti\u00e1n Caria por Catamarca, y Rub\u00e9n Egea, decano de la Universidad Tecnol\u00f3gica, estuvo tambi\u00e9n acompa\u00f1ada por el secretario de Ciclos de Carreras Cortas y Licenciaturas de la UTN FRTUC, Hugo B\u00f3rquez; el director de Capacitaci\u00f3n del Ministerio de Industria, Comercio y Empleo, Mario Guaraz; la coordinadora para UTN en Catamarca, Noem\u00ed Fern\u00e1ndez; la presidenta de Casemica (C\u00e1mara de Proveedores Mineros Catamarca), Susana De la Colina; el presidente FOGACAT (Fondos de Garant\u00eda Catamarca), Eduardo Castagnola.<\/p>\n<p>A trav\u00e9s del articulado, ambas instituciones se comprometen a colaborar en actividades acad\u00e9micas, cient\u00edficas, t\u00e9cnicas y sociales para implementar en forma conjunta un sistema de desarrollo de conocimientos mutuos, desarrollo de proyectos tecnol\u00f3gicos, educativos, sociales, productivos y de servicios en el marco de actividades de investigaci\u00f3n, extensi\u00f3n y transferencia de conocimiento.<\/p>\n","protected":false},"excerpt":{"rendered":"<p>El vicegobernador Rub\u00e9n Dusso, a cargo del Poder Ejecutivo, encabez\u00f3 esta ma\u00f1ana la firma de un convenio marco de asistencia<\/p>\n","protected":false},"author":1,"featured_media":19378,"comment_status":"closed","ping_status":"closed","sticky":false,"template":"","format":"standard","meta":{"footnotes":"","jetpack_publicize_message":"","jetpack_publicize_feature_enabled":true,"jetpack_social_post_already_shared":true,"jetpack_social_options":{"image_generator_settings":{"template":"highway","enabled":false},"version":2}},"categories":[2],"tags":[],"class_list":["post-19377","post","type-post","status-publish","format-standard","has-post-thumbnail","hentry","category-locales"],"jetpack_publicize_connections":[],"_links":{"self":[{"href":"https:\/\/diariorepublica.com.ar\/web\/index.php\/wp-json\/wp\/v2\/posts\/19377"}],"collection":[{"href":"https:\/\/diariorepublica.com.ar\/web\/index.php\/wp-json\/wp\/v2\/posts"}],"about":[{"href":"https:\/\/diariorepublica.com.ar\/web\/index.php\/wp-json\/wp\/v2\/types\/post"}],"author":[{"embeddable":true,"href":"https:\/\/diariorepublica.com.ar\/web\/index.php\/wp-json\/wp\/v2\/users\/1"}],"replies":[{"embeddable":true,"href":"https:\/\/diariorepublica.com.ar\/web\/index.php\/wp-json\/wp\/v2\/comments?post=19377"}],"version-history":[{"count":1,"href":"https:\/\/diariorepublica.com.ar\/web\/index.php\/wp-json\/wp\/v2\/posts\/19377\/revisions"}],"predecessor-version":[{"id":19379,"href":"https:\/\/diariorepublica.com.ar\/web\/index.php\/wp-json\/wp\/v2\/posts\/19377\/revisions\/19379"}],"wp:featuredmedia":[{"embeddable":true,"href":"https:\/\/diariorepublica.com.ar\/web\/index.php\/wp-json\/wp\/v2\/media\/19378"}],"wp:attachment":[{"href":"https:\/\/diariorepublica.com.ar\/web\/index.php\/wp-json\/wp\/v2\/media?parent=19377"}],"wp:term":[{"taxonomy":"category","embeddable":true,"href":"https:\/\/diariorepublica.com.ar\/web\/index.php\/wp-json\/wp\/v2\/categories?post=19377"},{"taxonomy":"post_tag","embeddable":true,"href":"https:\/\/diariorepublica.com.ar\/web\/index.php\/wp-json\/wp\/v2\/tags?post=19377"}],"curies":[{"name":"wp","href":"https:\/\/api.w.org\/{rel}","templated":true}]}}