{"id":19380,"date":"2024-10-17T16:48:16","date_gmt":"2024-10-17T19:48:16","guid":{"rendered":"https:\/\/diariorepublica.com.ar\/web\/?p=19380"},"modified":"2024-10-17T16:48:18","modified_gmt":"2024-10-17T19:48:18","slug":"el-senado-se-reunio-en-su-21-sesion-ordinaria","status":"publish","type":"post","link":"https:\/\/diariorepublica.com.ar\/web\/index.php\/locales\/2024\/10\/17\/el-senado-se-reunio-en-su-21-sesion-ordinaria\/","title":{"rendered":"El Senado se reuni\u00f3 en su 21\u00b0 Sesi\u00f3n Ordinaria"},"content":{"rendered":"<p>La C\u00e1mara de Senadores llev\u00f3 adelante este jueves su vig\u00e9sima primera sesi\u00f3n ordinaria encabezada en la oportunidad por la vicepresidenta del Cuerpo, senadora Andrea Lobo.<\/p>\n<p>De acuerdo con lo fijado, el Pleno dio media sanci\u00f3n a cinco proyectos de Ley promovidos por senadores y diputados.<\/p>\n<p><strong>Uso eficiente de la energ\u00eda<\/strong><\/p>\n<p><strong>\u00a0<\/strong><\/p>\n<p>As\u00ed, en primer t\u00e9rmino, se aprob\u00f3 la iniciativa del diputado Gustavo Aguirre por la que se promueve crear el Plan Provincial de Uso Racional y Eficiente de la Energ\u00eda en el \u00e1mbito de la Administraci\u00f3n P\u00fablica y en los espacios p\u00fablicos ubicados en el territorio provincial.<\/p>\n<p>El proyecto con media sanci\u00f3n de la C\u00e1mara Alta y girada a Diputados conforme al art\u00edculo 122 de la Constituci\u00f3n Provincial para su correspondiente tratamiento, establece entre sus art\u00edculos Adherir al Decreto Nacional N\u00b0 140\/07 Anexo I apartado 2.7 \u00abAlumbrado P\u00fablico y Semaforizaci\u00f3n\u00bb y Anexo II \u00abPrograma de Uso Racional y Eficiente de la Energ\u00eda en Edificios P\u00fablicos\u00bb.<\/p>\n<p>\u201cResulta necesario y conveniente que el sector publico asuma una funci\u00f3n ejemplificadora ante el resto de la sociedad, implementando medidas orientadas a optimizar el desempe\u00f1o energ\u00e9tico en sus instalaciones\u201d se\u00f1ala entre sus fundamentos el proyecto que tuvo como miembro informante a la senadora Soledad Blas.<\/p>\n<p>De igual manera se considera que para el \u00e9xito de las pol\u00edticas de eficiencia energ\u00e9tica se requiere, adem\u00e1s de la adopci\u00f3n de tecnolog\u00edas de alta eficiencia, la generaci\u00f3n de profundos cambios estructurales basados en la modificaci\u00f3n de las conductas individuales mediante programas y planes que deben ser conducidos por organismos especializados y que deben contemplar una estrategia cultural-educacional cuyo objetivo \u00faltimo sea el cambio hacia una cultura de uso eficiente de la energ\u00eda.<\/p>\n<p><strong>D\u00eda de los Derechos del Estudiantado Secundario<\/strong><\/p>\n<p>A continuaci\u00f3n, el Senado tambi\u00e9n dio media sanci\u00f3n al proyecto autor\u00eda de la diputada Adriana D\u00edaz a partir del cual se pretende instituir el 6 de agosto de cada a\u00f1o como D\u00eda Provincial de los Derechos del Estudiantado Secundario, en memoria del joven catamarque\u00f1o y militante de los derechos estudiantiles en nuestra provincia, Antonio Taire.<\/p>\n<p>\u201cSi bien se ha fijado para que durante el mes de septiembre de cada a\u00f1o, en un d\u00eda y semana especifico, se re\u00fana al estudiantado de todo el pa\u00eds para disfrutar de festejos, con la presente iniciativa se procura distinguir a un joven local poco reconocido, cuyo martirio signific\u00f3 el fin de una etapa de sed revolucionaria de los j\u00f3venes de nuestra provincia en 1920, que buscaban aplicar los postulados de la Reforma del \u201918 gestada en la Universidad Nacional de C\u00f3rdoba\u201d se apunta en la iniciativa tras remarcar ser necesario que Antonio Taire sea reconocido como portador de la bandera de la libertad de prensa y los derechos de las y los estudiantes de nuestra provincia.<\/p>\n<p><strong>Expropiaci\u00f3n de inmuebles<\/strong><\/p>\n<p>Contando con Despacho de Comisi\u00f3n, la C\u00e1mara de Senadores incorpor\u00f3 a la Orden del D\u00eda y dio su aprobaci\u00f3n a dos proyectos de Ley presentados por los representantes de la Capital y de Fray Mamerto Esqui\u00fa para declarar de utilidad p\u00fablica y sujeto a expropiaci\u00f3n dos inmuebles.<\/p>\n<p>La primera iniciativa correspondiente al senador Ram\u00f3n Figueroa Castellanos, tiene que ver con Declarar de Utilidad P\u00fablica y Sujeto a Expropiaci\u00f3n al inmueble ubicado en el Dpto. Capital, identificado con la Matr\u00edcula Catastral N\u00b0 07-25-39-2543-0000, con domicilio en Avenida Argentina s\/n de esta ciudad capital, con una superficie total de 1026,86 m2. Dicho inmueble ser\u00eda donado, conforme a la Ley N\u00b0 4370, al Club Deportivo Salta Central a los efectos de que la mencionada instituci\u00f3n construya la infraestructura del club y desarrolle la pr\u00e1ctica de actividades deportivas destinadas a toda la comunidad.<\/p>\n<p>Entre los fundamentos se explica que el mencionado club deportivo se encuentra profundamente arraigado en la sociedad, donde se practica f\u00fatbol en todas sus modalidades, y categor\u00edas en raz\u00f3n de 25 jugadores por cada equipo, con plantel femenino, y una escuela de f\u00fatbol para ni\u00f1os de 8 a 13 a\u00f1os, concurriendo alrededor de 250 deportistas en su totalidad.<\/p>\n<p>Remarcando lo trascendental de contar con este espacio propio, el Senador indica que \u201cEsta instituci\u00f3n no solo es importante para los deportistas, sino tambi\u00e9n para la sociedad en general, ya que la pr\u00e1ctica deportiva puede contribuir a la formaci\u00f3n de ciudadanos m\u00e1s sanos, responsables y comprometidos con su entorno\u201d.<\/p>\n<p>La siguiente iniciativa de Ley con media sanci\u00f3n y girada a la C\u00e1mara Baja, fue presentada por el senador Guillermo Ferreyra y tiene que ver con Declarar de Utilidad P\u00fablica y Sujeto a Expropiaci\u00f3n al inmueble identificado con Matr\u00edculas Catastrales N\u00b0 09-23-13-1938 y 09-23-13-1737, situado en la localidad de San Jos\u00e9, Departamento Fray Mamerto Esqui\u00fa, tambi\u00e9n conocido como \u201cEl Polvor\u00edn o la Casa de Alto\u201d el cual ya fue declarado como monumento hist\u00f3rico de la provincia en el a\u00f1o 1998.<\/p>\n<p>Conforme al articulado, el inmueble a expropiar ser\u00e1 destinado para su conservaci\u00f3n y creaci\u00f3n de un complejo cultural y recreativo.<\/p>\n<p>\u201cEl antiguo Polvor\u00edn o Casa de Alto como es conocida, est\u00e1 formado por piedras y adobes antiqu\u00edsimos, los cuales siguen siendo un portal al pasado, sus ruinas nos muestran el paso inquebrantable del tiempo. Hoy, como catamarque\u00f1os, debemos ser respetuosos de este pasado y poner en valor este sitio para seguir forjando un presente con memoria\u201d se remarca teniendo en cuenta que el inmueble sujeto a expropiaci\u00f3n, tiene como destino fomentar y promover el turismo y la cultura en el departamento.<\/p>\n<p><strong>Pedido al Poder Ejecutivo<\/strong><\/p>\n<p><strong>\u00a0<\/strong><\/p>\n<p>Impulsado por el senador Antonio Camposano, el Cuerpo legislativo acompa\u00f1\u00f3 el proyecto de resoluci\u00f3n mediante el cual se solicita al Poder Ejecutivo, realice la construcci\u00f3n de gaviones para defensa en las m\u00e1rgenes del Rio Ormachea, La Loma y el R\u00edo Seco -Los Cancinos-, especialmente sobre el km. 4.260 de la Ruta Nacional N\u00b0 40 de la jurisdicci\u00f3n de Loro Huasi, l\u00edmite con la localidad de El Recreo, en el departamento Santa Mar\u00eda.<\/p>\n<p>Al fundamentar el requerimiento, el Legislador manifest\u00f3 que tiene que ver con una demanda de los vecinos de la jurisdicci\u00f3n de Loro Huasi tomando en cuenta el desborde de los m\u00e1rgenes y la inundaci\u00f3n de las viviendas, lo que implica la destrucci\u00f3n de muebles, electrodom\u00e9sticos, ropa, etc.<\/p>\n<p>\u201cLa ejecuci\u00f3n de las obras solicitadas contribuyen directamente a la seguridad de los pobladores y la mejora significativa de la calidad de vida en la zona, entendiendo tambi\u00e9n la importancia de trabajar en la prevenci\u00f3n de danos ambientales y sociales futuros\u201d, destac\u00f3 el Senador.<\/p>\n<p><strong>Emotivos reconocimientos<\/strong><\/p>\n<p>Promovidos por la senadora Andrea Lobo, el Cuerpo parlamentario dio luz verde a dos proyectos mediante los cuales se Declar\u00f3 de Inter\u00e9s Parlamentario y Persona Ilustre al Sr. Francisco Manuel Navarro por su amplia trayectoria y aporte a la comunidad radiotelevisiva deportiva y en general; y al Sr. Jorge Le\u00f3nides Moya por su amplia y reconocida trayectoria como ferroviario en el Departamento Capay\u00e1n y en el interior del Pa\u00eds.<\/p>\n<p>Presentes en el recinto, conmovidos por el acto y agradecidos por tales reconocimientos, los homenajeados acompa\u00f1ados por sus familiares, recibieron las placas e instrumentos parlamentarios.<\/p>\n<p>El Senado tambi\u00e9n declar\u00f3 de Inter\u00e9s Parlamentario el reconocimiento a la destacada trayectoria de \u201cADSAMA\u201d Asociaci\u00f3n Santamariana de Diab\u00e9ticos. La iniciativa fue presentada por el senador Antonio Camposano.<\/p>\n","protected":false},"excerpt":{"rendered":"<p>La C\u00e1mara de Senadores llev\u00f3 adelante este jueves su vig\u00e9sima primera sesi\u00f3n ordinaria encabezada en la oportunidad por la vicepresidenta<\/p>\n","protected":false},"author":1,"featured_media":19381,"comment_status":"closed","ping_status":"closed","sticky":false,"template":"","format":"standard","meta":{"footnotes":"","jetpack_publicize_message":"","jetpack_publicize_feature_enabled":true,"jetpack_social_post_already_shared":true,"jetpack_social_options":{"image_generator_settings":{"template":"highway","enabled":false},"version":2}},"categories":[2],"tags":[],"class_list":["post-19380","post","type-post","status-publish","format-standard","has-post-thumbnail","hentry","category-locales"],"jetpack_publicize_connections":[],"_links":{"self":[{"href":"https:\/\/diariorepublica.com.ar\/web\/index.php\/wp-json\/wp\/v2\/posts\/19380"}],"collection":[{"href":"https:\/\/diariorepublica.com.ar\/web\/index.php\/wp-json\/wp\/v2\/posts"}],"about":[{"href":"https:\/\/diariorepublica.com.ar\/web\/index.php\/wp-json\/wp\/v2\/types\/post"}],"author":[{"embeddable":true,"href":"https:\/\/diariorepublica.com.ar\/web\/index.php\/wp-json\/wp\/v2\/users\/1"}],"replies":[{"embeddable":true,"href":"https:\/\/diariorepublica.com.ar\/web\/index.php\/wp-json\/wp\/v2\/comments?post=19380"}],"version-history":[{"count":1,"href":"https:\/\/diariorepublica.com.ar\/web\/index.php\/wp-json\/wp\/v2\/posts\/19380\/revisions"}],"predecessor-version":[{"id":19382,"href":"https:\/\/diariorepublica.com.ar\/web\/index.php\/wp-json\/wp\/v2\/posts\/19380\/revisions\/19382"}],"wp:featuredmedia":[{"embeddable":true,"href":"https:\/\/diariorepublica.com.ar\/web\/index.php\/wp-json\/wp\/v2\/media\/19381"}],"wp:attachment":[{"href":"https:\/\/diariorepublica.com.ar\/web\/index.php\/wp-json\/wp\/v2\/media?parent=19380"}],"wp:term":[{"taxonomy":"category","embeddable":true,"href":"https:\/\/diariorepublica.com.ar\/web\/index.php\/wp-json\/wp\/v2\/categories?post=19380"},{"taxonomy":"post_tag","embeddable":true,"href":"https:\/\/diariorepublica.com.ar\/web\/index.php\/wp-json\/wp\/v2\/tags?post=19380"}],"curies":[{"name":"wp","href":"https:\/\/api.w.org\/{rel}","templated":true}]}}