{"id":19383,"date":"2024-10-17T16:53:09","date_gmt":"2024-10-17T19:53:09","guid":{"rendered":"https:\/\/diariorepublica.com.ar\/web\/?p=19383"},"modified":"2024-10-17T16:53:11","modified_gmt":"2024-10-17T19:53:11","slug":"eduardo-rodriguez-chirillo-dejo-la-secretaria-de-energia-y-asume-una-funcionaria-cercana-a-mauricio-macri","status":"publish","type":"post","link":"https:\/\/diariorepublica.com.ar\/web\/index.php\/politica\/2024\/10\/17\/eduardo-rodriguez-chirillo-dejo-la-secretaria-de-energia-y-asume-una-funcionaria-cercana-a-mauricio-macri\/","title":{"rendered":"Eduardo Rodr\u00edguez Chirillo dej\u00f3 la Secretar\u00eda de Energ\u00eda y asume una funcionaria cercana a Mauricio Macri"},"content":{"rendered":"<article id=\"article-post\" class=\"first\">\n<div class=\"cuerpo\" data-twitter-link=\"https:\/\/twitter.com\/intent\/tweet?url=https:\/\/www.diariopopular.com.ar\/c811021&amp;via=poopulardiario&amp;related=Popular&amp;text=\">\n<p class=\"\" data-mrf-recirculation=\"Links inline\">El\u00a0<strong>Gobierno de Javier Milei sufri\u00f3 una nueva baja de peso<\/strong>\u00a0a menos de un a\u00f1o de haber asumido. En una salida que se formaliz\u00f3 como una renuncia, pero que tiene otras aristas detr\u00e1s,\u00a0<strong>Eduardo Rodr\u00edguez Chirillo dej\u00f3 en las \u00faltimas horas su puesto de secretario de Energ\u00eda de la Naci\u00f3n.<\/strong>\u00a0La noticia fue confirmada por el\u00a0<strong>ministro de Econom\u00eda, Luis \u00abToto\u00bb Caputo<\/strong>, a trav\u00e9s de una publicaci\u00f3n en su cuenta de X en el que mencion\u00f3 los \u00abproblemas de salud\u00bb del ahora ex funcionario que ven\u00eda siendo apuntado desde hace tiempo por un sector del Ejecutivo.<\/p>\n<\/div>\n<\/article>\n<article id=\"article-post\">\n<div class=\"cuerpo\" data-twitter-link=\"https:\/\/twitter.com\/intent\/tweet?url=https:\/\/www.diariopopular.com.ar\/c811021&amp;via=poopulardiario&amp;related=Popular&amp;text=\">\n<p class=\"\" data-mrf-recirculation=\"Links inline\">\u00abHoy<strong>\u00a0recib\u00ed la renuncia de Eduardo Chirillo como secretario de Energ\u00eda<\/strong>. Me dijo que dado los problemas que\u00a0<strong>ha tenido de salud<\/strong>, y que si bien ahora se encuentra mucho mejor, va a necesitar m\u00e1s tiempo para s\u00ed mismo. Junto con\u00a0<strong>Daniel Gonz\u00e1lez le hemos pedido que se quedara como asesor<\/strong>, para poder seguir contando con su colaboraci\u00f3n\u00bb, public\u00f3 este jueves por la tarde el titular del Palacio de Hacienda.<\/p>\n<p class=\"\" data-mrf-recirculation=\"Links inline\">Luego, el posteo continu\u00f3: \u00abEduardo\u00a0<strong>ha sido un pilar fundamental en estos primeros meses de gobierno<\/strong>, no solo por su enorme aporte en todo lo referido a Energ\u00eda, sino tambi\u00e9n por la\u00a0<strong>elaboraci\u00f3n de la Ley Bases<\/strong>. El sacrificio personal que ha hecho todos estos meses, y del que he sido testigo, es todo un ejemplo de patriotismo que eleva a\u00fan m\u00e1s sus condiciones humanas y profesionales. Mi agradecimiento personal y mi reconocimiento profesional para con su persona es enorme. Muchas gracias Eduardo\u00bb.<\/p>\n<div id=\"embed2_wrap\" class=\"embed_cont type_freetext\" contenteditable=\"false\">\n<div id=\"embed2_content\" class=\"embed_content\">\n<div id=\"embed2_embed\">\n<div class=\"twitter-tweet twitter-tweet-rendered\"><iframe id=\"twitter-widget-0\" class=\"\" title=\"X Post\" src=\"https:\/\/platform.twitter.com\/embed\/Tweet.html?creatorScreenName=diariopopular&amp;dnt=false&amp;embedId=twitter-widget-0&amp;features=eyJ0ZndfdGltZWxpbmVfbGlzdCI6eyJidWNrZXQiOltdLCJ2ZXJzaW9uIjpudWxsfSwidGZ3X2ZvbGxvd2VyX2NvdW50X3N1bnNldCI6eyJidWNrZXQiOnRydWUsInZlcnNpb24iOm51bGx9LCJ0ZndfdHdlZXRfZWRpdF9iYWNrZW5kIjp7ImJ1Y2tldCI6Im9uIiwidmVyc2lvbiI6bnVsbH0sInRmd19yZWZzcmNfc2Vzc2lvbiI6eyJidWNrZXQiOiJvbiIsInZlcnNpb24iOm51bGx9LCJ0ZndfZm9zbnJfc29mdF9pbnRlcnZlbnRpb25zX2VuYWJsZWQiOnsiYnVja2V0Ijoib24iLCJ2ZXJzaW9uIjpudWxsfSwidGZ3X21peGVkX21lZGlhXzE1ODk3Ijp7ImJ1Y2tldCI6InRyZWF0bWVudCIsInZlcnNpb24iOm51bGx9LCJ0ZndfZXhwZXJpbWVudHNfY29va2llX2V4cGlyYXRpb24iOnsiYnVja2V0IjoxMjA5NjAwLCJ2ZXJzaW9uIjpudWxsfSwidGZ3X3Nob3dfYmlyZHdhdGNoX3Bpdm90c19lbmFibGVkIjp7ImJ1Y2tldCI6Im9uIiwidmVyc2lvbiI6bnVsbH0sInRmd19kdXBsaWNhdGVfc2NyaWJlc190b19zZXR0aW5ncyI6eyJidWNrZXQiOiJvbiIsInZlcnNpb24iOm51bGx9LCJ0ZndfdXNlX3Byb2ZpbGVfaW1hZ2Vfc2hhcGVfZW5hYmxlZCI6eyJidWNrZXQiOiJvbiIsInZlcnNpb24iOm51bGx9LCJ0ZndfdmlkZW9faGxzX2R5bmFtaWNfbWFuaWZlc3RzXzE1MDgyIjp7ImJ1Y2tldCI6InRydWVfYml0cmF0ZSIsInZlcnNpb24iOm51bGx9LCJ0ZndfbGVnYWN5X3RpbWVsaW5lX3N1bnNldCI6eyJidWNrZXQiOnRydWUsInZlcnNpb24iOm51bGx9LCJ0ZndfdHdlZXRfZWRpdF9mcm9udGVuZCI6eyJidWNrZXQiOiJvbiIsInZlcnNpb24iOm51bGx9fQ%3D%3D&amp;frame=false&amp;hideCard=false&amp;hideThread=false&amp;id=1846960487147213017&amp;lang=en&amp;origin=https%3A%2F%2Fwww.diariopopular.com.ar%2Fpolitica%2Feduardo-rodriguez-chirillo-dejo-la-secretaria-energia-y-asume-una-funcionaria-cercana-mauricio-macri-n811021&amp;sessionId=c8024eefeb1395d5494a465a769c816b0c607854&amp;siteScreenName=diariopopular&amp;theme=light&amp;widgetsVersion=2615f7e52b7e0%3A1702314776716&amp;width=550px\" frameborder=\"0\" scrolling=\"no\" allowfullscreen=\"allowfullscreen\" data-gtm-yt-inspected-13=\"true\" data-tweet-id=\"1846960487147213017\" data-mce-fragment=\"1\"><\/iframe><\/div>\n<\/div>\n<\/div>\n<div id=\"embed2_epigrafe\" class=\"embed_epigrafe\"><\/div>\n<div id=\"embed2_copyright\" class=\"embed_copyright\"><\/div>\n<\/div>\n<p class=\"\" data-mrf-recirculation=\"Links inline\">Seg\u00fan se inform\u00f3,\u00a0<strong>su cargo ser\u00e1 ocupado por Mar\u00eda Tettamanti<\/strong>, una empresaria de larga experiencia en el sector de distribuci\u00f3n de gas natural y quien hasta hoy se desempa\u00f1aba como gerenta general en NRG Energ\u00eda S.A. La mujer que\u00a0<strong>fue recomendada por Mauricio Macr<\/strong>i, quien ven\u00eda exigiendo ser escuchado a la hora de elegir los nombres de los colaboradores de primera linea de Milei,\u00a0<strong>tendr\u00e1 la tarea de avanzar en los futuros aumentos de tarifas, el ordenamiento de los subsidios y la licitaci\u00f3n de obras de infraestructura claves para el desarrollo de Vaca Muerta.<\/strong><\/p>\n<p class=\"\" data-mrf-recirculation=\"Links inline\">De acuerdo con lo que trascendi\u00f3 el nombre de Tettamanti lleg\u00f3 a o\u00eddos del exmandatario a trav\u00e9s del empresario\u00a0<strong>Alejandro Macfarlane,<\/strong>\u00a0quien es accionista de la distribuidora de gas natural Cammuzzi, la empresa en la que hasta el a\u00f1o pasado se desempe\u00f1aba en el cargo de directora general quien a partir de ahora ser\u00e1 funcionaria.<\/p>\n<h6 data-mrf-recirculation=\"Links inline\">El posteo de Rodr\u00edguez Chirillo<\/h6>\n<p class=\"\" data-mrf-recirculation=\"Links inline\">\u00abHoy\u00a0<strong>present\u00e9 mi renuncia como secretario de Energ\u00eda de la Naci\u00f3n por motivos personales y profesionales que considero oportuno atender en este momento.\u00a0<\/strong>Quiero agradecerles tanto a Javier Milei como al ministro Luis Caputo por la confianza depositada en mi persona desde el primer momento. Ha sido un honor y un privilegio formar parte de este equipo de trabajo, comprometido con la reconstrucci\u00f3n del sector energ\u00e9tico, cuyos resultados ya son verificables y palpables\u00bb, public\u00f3 el ahora exfuncionario.<\/p>\n<p class=\"\" data-mrf-recirculation=\"Links inline\">Y agreg\u00f3: \u00abHe procurado aportar lo mejor de m\u00ed, a trav\u00e9s de la elaboraci\u00f3n de reformas estructurales proyectadas, desde abril 2023 antes de asumir, y con las pol\u00edticas implementadas desde la Secretar\u00eda de Energ\u00eda, con el objetivo de contribuir al crecimiento sostenible del sector energ\u00e9tico en favor de todos los argentinos.\u00a0<strong>Tengo la convicci\u00f3n de que, manteniendo la continuidad del rumbo originalmente dise\u00f1ado, se podr\u00e1n alcanzar los objetivos trazados. Seguir\u00e9 apoyando al Gobierno<\/strong>\u00a0y al Presidente desde el lugar que resulte m\u00e1s conveniente\u00bb.<\/p>\n<div id=\"embed51_wrap\" class=\"embed_cont type_freetext\" contenteditable=\"false\">\n<div id=\"embed51_content\" class=\"embed_content\">\n<div id=\"embed51_embed\">\n<div class=\"twitter-tweet twitter-tweet-rendered\"><iframe id=\"twitter-widget-1\" class=\"\" title=\"X Post\" src=\"https:\/\/platform.twitter.com\/embed\/Tweet.html?creatorScreenName=diariopopular&amp;dnt=false&amp;embedId=twitter-widget-1&amp;features=eyJ0ZndfdGltZWxpbmVfbGlzdCI6eyJidWNrZXQiOltdLCJ2ZXJzaW9uIjpudWxsfSwidGZ3X2ZvbGxvd2VyX2NvdW50X3N1bnNldCI6eyJidWNrZXQiOnRydWUsInZlcnNpb24iOm51bGx9LCJ0ZndfdHdlZXRfZWRpdF9iYWNrZW5kIjp7ImJ1Y2tldCI6Im9uIiwidmVyc2lvbiI6bnVsbH0sInRmd19yZWZzcmNfc2Vzc2lvbiI6eyJidWNrZXQiOiJvbiIsInZlcnNpb24iOm51bGx9LCJ0ZndfZm9zbnJfc29mdF9pbnRlcnZlbnRpb25zX2VuYWJsZWQiOnsiYnVja2V0Ijoib24iLCJ2ZXJzaW9uIjpudWxsfSwidGZ3X21peGVkX21lZGlhXzE1ODk3Ijp7ImJ1Y2tldCI6InRyZWF0bWVudCIsInZlcnNpb24iOm51bGx9LCJ0ZndfZXhwZXJpbWVudHNfY29va2llX2V4cGlyYXRpb24iOnsiYnVja2V0IjoxMjA5NjAwLCJ2ZXJzaW9uIjpudWxsfSwidGZ3X3Nob3dfYmlyZHdhdGNoX3Bpdm90c19lbmFibGVkIjp7ImJ1Y2tldCI6Im9uIiwidmVyc2lvbiI6bnVsbH0sInRmd19kdXBsaWNhdGVfc2NyaWJlc190b19zZXR0aW5ncyI6eyJidWNrZXQiOiJvbiIsInZlcnNpb24iOm51bGx9LCJ0ZndfdXNlX3Byb2ZpbGVfaW1hZ2Vfc2hhcGVfZW5hYmxlZCI6eyJidWNrZXQiOiJvbiIsInZlcnNpb24iOm51bGx9LCJ0ZndfdmlkZW9faGxzX2R5bmFtaWNfbWFuaWZlc3RzXzE1MDgyIjp7ImJ1Y2tldCI6InRydWVfYml0cmF0ZSIsInZlcnNpb24iOm51bGx9LCJ0ZndfbGVnYWN5X3RpbWVsaW5lX3N1bnNldCI6eyJidWNrZXQiOnRydWUsInZlcnNpb24iOm51bGx9LCJ0ZndfdHdlZXRfZWRpdF9mcm9udGVuZCI6eyJidWNrZXQiOiJvbiIsInZlcnNpb24iOm51bGx9fQ%3D%3D&amp;frame=false&amp;hideCard=false&amp;hideThread=false&amp;id=1846966290654638259&amp;lang=en&amp;origin=https%3A%2F%2Fwww.diariopopular.com.ar%2Fpolitica%2Feduardo-rodriguez-chirillo-dejo-la-secretaria-energia-y-asume-una-funcionaria-cercana-mauricio-macri-n811021&amp;sessionId=c8024eefeb1395d5494a465a769c816b0c607854&amp;siteScreenName=diariopopular&amp;theme=light&amp;widgetsVersion=2615f7e52b7e0%3A1702314776716&amp;width=550px\" frameborder=\"0\" scrolling=\"no\" allowfullscreen=\"allowfullscreen\" data-gtm-yt-inspected-13=\"true\" data-tweet-id=\"1846966290654638259\" data-mce-fragment=\"1\"><\/iframe><\/div>\n<\/div>\n<\/div>\n<div id=\"embed51_epigrafe\" class=\"embed_epigrafe\"><\/div>\n<\/div>\n<\/div>\n<\/article>\n","protected":false},"excerpt":{"rendered":"<p>El\u00a0Gobierno de Javier Milei sufri\u00f3 una nueva baja de peso\u00a0a menos de un a\u00f1o de haber asumido. En una salida<\/p>\n","protected":false},"author":1,"featured_media":19384,"comment_status":"closed","ping_status":"closed","sticky":false,"template":"","format":"standard","meta":{"footnotes":"","jetpack_publicize_message":"","jetpack_publicize_feature_enabled":true,"jetpack_social_post_already_shared":true,"jetpack_social_options":{"image_generator_settings":{"template":"highway","enabled":false},"version":2}},"categories":[12],"tags":[],"class_list":["post-19383","post","type-post","status-publish","format-standard","has-post-thumbnail","hentry","category-politica"],"jetpack_publicize_connections":[],"_links":{"self":[{"href":"https:\/\/diariorepublica.com.ar\/web\/index.php\/wp-json\/wp\/v2\/posts\/19383"}],"collection":[{"href":"https:\/\/diariorepublica.com.ar\/web\/index.php\/wp-json\/wp\/v2\/posts"}],"about":[{"href":"https:\/\/diariorepublica.com.ar\/web\/index.php\/wp-json\/wp\/v2\/types\/post"}],"author":[{"embeddable":true,"href":"https:\/\/diariorepublica.com.ar\/web\/index.php\/wp-json\/wp\/v2\/users\/1"}],"replies":[{"embeddable":true,"href":"https:\/\/diariorepublica.com.ar\/web\/index.php\/wp-json\/wp\/v2\/comments?post=19383"}],"version-history":[{"count":1,"href":"https:\/\/diariorepublica.com.ar\/web\/index.php\/wp-json\/wp\/v2\/posts\/19383\/revisions"}],"predecessor-version":[{"id":19385,"href":"https:\/\/diariorepublica.com.ar\/web\/index.php\/wp-json\/wp\/v2\/posts\/19383\/revisions\/19385"}],"wp:featuredmedia":[{"embeddable":true,"href":"https:\/\/diariorepublica.com.ar\/web\/index.php\/wp-json\/wp\/v2\/media\/19384"}],"wp:attachment":[{"href":"https:\/\/diariorepublica.com.ar\/web\/index.php\/wp-json\/wp\/v2\/media?parent=19383"}],"wp:term":[{"taxonomy":"category","embeddable":true,"href":"https:\/\/diariorepublica.com.ar\/web\/index.php\/wp-json\/wp\/v2\/categories?post=19383"},{"taxonomy":"post_tag","embeddable":true,"href":"https:\/\/diariorepublica.com.ar\/web\/index.php\/wp-json\/wp\/v2\/tags?post=19383"}],"curies":[{"name":"wp","href":"https:\/\/api.w.org\/{rel}","templated":true}]}}