{"id":19466,"date":"2024-10-19T06:37:00","date_gmt":"2024-10-19T09:37:00","guid":{"rendered":"https:\/\/diariorepublica.com.ar\/web\/?p=19466"},"modified":"2024-10-19T16:39:31","modified_gmt":"2024-10-19T19:39:31","slug":"fuerte-escrache-a-sandra-pettovello-en-aeroparque","status":"publish","type":"post","link":"https:\/\/diariorepublica.com.ar\/web\/index.php\/nacionales\/2024\/10\/19\/fuerte-escrache-a-sandra-pettovello-en-aeroparque\/","title":{"rendered":"Fuerte escrache a Sandra Pettovello en Aeroparque"},"content":{"rendered":"<p>La ministra de Capital Humano,\u00a0<strong>Sandra Pettovello,\u00a0<\/strong>fue\u00a0<strong>increpada<\/strong>\u00a0esta tarde por un grupo de\u00a0pasajeros, mientras regresaba al aeroparque Jorge Newbery en un vuelo de\u00a0<strong>Aerol\u00edneas Argentinas\u00a0<\/strong>procedente de San Salvador de Jujuy.<\/p>\n<p>El episodio que protagoniz\u00f3 la funcionaria se dio cuando iba a bordo del \u00f3mnibus que hab\u00eda recogido a los pasajeros en la pista y los trasladaba hasta el hall para retirar el equipaje, y qued\u00f3 registrado en filmaciones que r\u00e1pidamente se hicieron virales en las redes.<\/p>\n<p><strong>Pettovello\u00a0<\/strong>iba parada, junto al secretario de Educaci\u00f3n, Carlos Torrendell, cuando un grupo de personas comenz\u00f3 a hostigarla, primero al grito de<strong>\u00a0\u00abAerol\u00edneas no se vende!!!\u00bb\u00a0<\/strong>y luego\u00a0<strong>\u00abUniversidad de los trabajadores y al que no le gusta, se jode.<\/strong>..\u00bb.<\/p>\n<p>Al principio, la ministra sonri\u00f3 sin responder, aunque luego perdi\u00f3 la paciencia y enfrent\u00f3 a quienes le gritaban\u00a0<strong>\u00abDejen de ajustar al pueblo!!!\u00bb,<\/strong>\u00a0a lo que la funcionaria replic\u00f3:\u00a0<strong>\u00abGanamos\u00a0las elecciones, agu\u00e1ntensela\u00bb.<\/strong><\/p>\n<p><strong>\u00abNosotros tambi\u00e9n nos ajustamos\u00bb, agreg\u00f3 Pettovello, lo que enardeci\u00f3 aun m\u00e1s a quienes la criticaban y le gritaban \u00abChorra, entreg\u00e1 los alimentos para los comedores\u00bb.<\/strong><\/p>\n<p>Y cuando el veh\u00edculo estacion\u00f3 y comenzaron a bajar los pasajeros, uno de ellos reiter\u00f3: \u00abAerol\u00edneas no se vende\u00bb, y Pettovello -m\u00e1s exaltada- grit\u00f3\u00a0<strong>\u00abS\u00ed, se vende&#8230;\u00bb.<\/strong><\/p>\n","protected":false},"excerpt":{"rendered":"<p>La ministra de Capital Humano,\u00a0Sandra Pettovello,\u00a0fue\u00a0increpada\u00a0esta tarde por un grupo de\u00a0pasajeros, mientras regresaba al aeroparque Jorge Newbery en un vuelo<\/p>\n","protected":false},"author":1,"featured_media":19467,"comment_status":"closed","ping_status":"closed","sticky":false,"template":"","format":"standard","meta":{"footnotes":"","jetpack_publicize_message":"","jetpack_publicize_feature_enabled":true,"jetpack_social_post_already_shared":true,"jetpack_social_options":{"image_generator_settings":{"template":"highway","enabled":false},"version":2}},"categories":[4],"tags":[],"class_list":["post-19466","post","type-post","status-publish","format-standard","has-post-thumbnail","hentry","category-nacionales"],"jetpack_publicize_connections":[],"_links":{"self":[{"href":"https:\/\/diariorepublica.com.ar\/web\/index.php\/wp-json\/wp\/v2\/posts\/19466"}],"collection":[{"href":"https:\/\/diariorepublica.com.ar\/web\/index.php\/wp-json\/wp\/v2\/posts"}],"about":[{"href":"https:\/\/diariorepublica.com.ar\/web\/index.php\/wp-json\/wp\/v2\/types\/post"}],"author":[{"embeddable":true,"href":"https:\/\/diariorepublica.com.ar\/web\/index.php\/wp-json\/wp\/v2\/users\/1"}],"replies":[{"embeddable":true,"href":"https:\/\/diariorepublica.com.ar\/web\/index.php\/wp-json\/wp\/v2\/comments?post=19466"}],"version-history":[{"count":1,"href":"https:\/\/diariorepublica.com.ar\/web\/index.php\/wp-json\/wp\/v2\/posts\/19466\/revisions"}],"predecessor-version":[{"id":19468,"href":"https:\/\/diariorepublica.com.ar\/web\/index.php\/wp-json\/wp\/v2\/posts\/19466\/revisions\/19468"}],"wp:featuredmedia":[{"embeddable":true,"href":"https:\/\/diariorepublica.com.ar\/web\/index.php\/wp-json\/wp\/v2\/media\/19467"}],"wp:attachment":[{"href":"https:\/\/diariorepublica.com.ar\/web\/index.php\/wp-json\/wp\/v2\/media?parent=19466"}],"wp:term":[{"taxonomy":"category","embeddable":true,"href":"https:\/\/diariorepublica.com.ar\/web\/index.php\/wp-json\/wp\/v2\/categories?post=19466"},{"taxonomy":"post_tag","embeddable":true,"href":"https:\/\/diariorepublica.com.ar\/web\/index.php\/wp-json\/wp\/v2\/tags?post=19466"}],"curies":[{"name":"wp","href":"https:\/\/api.w.org\/{rel}","templated":true}]}}