{"id":19505,"date":"2024-10-21T07:39:40","date_gmt":"2024-10-21T10:39:40","guid":{"rendered":"https:\/\/diariorepublica.com.ar\/web\/?p=19505"},"modified":"2024-10-21T07:39:42","modified_gmt":"2024-10-21T10:39:42","slug":"luis-caputo-viaja-a-la-cumbre-anual-del-fmi","status":"publish","type":"post","link":"https:\/\/diariorepublica.com.ar\/web\/index.php\/politica\/2024\/10\/21\/luis-caputo-viaja-a-la-cumbre-anual-del-fmi\/","title":{"rendered":"Luis Caputo viaja a la cumbre anual del FMI"},"content":{"rendered":"<article id=\"article-post\" class=\"first\">\n<div class=\"cuerpo\" data-twitter-link=\"https:\/\/twitter.com\/intent\/tweet?url=https:\/\/www.diariopopular.com.ar\/c811513&amp;via=poopulardiario&amp;related=Popular&amp;text=\">\n<p>El ministro de Econom\u00eda,<strong>\u00a0Luis Caputo<\/strong>, viajar\u00e1 a Estados Unidos para asistir a la<strong>\u00a0Cumbre anual del Fondo Monetario Internacional (FMI)\u00a0<\/strong>con el respaldo de los primeros resultados de la fase dos del plan econ\u00f3mico, que consiste en emisi\u00f3n cero.<\/p>\n<\/div>\n<\/article>\n<article id=\"article-post\">\n<div class=\"cuerpo\" data-twitter-link=\"https:\/\/twitter.com\/intent\/tweet?url=https:\/\/www.diariopopular.com.ar\/c811513&amp;via=poopulardiario&amp;related=Popular&amp;text=\">\n<p>El titular del Palacio de Hacienda participar\u00e1 en Washington de la Asamblea Anual del organismo internacional y el\u00a0<strong>Banco Mundial<\/strong>, que se llevar\u00e1 a cabo desde el\u00a0<strong>lunes 21 hasta el pr\u00f3ximo s\u00e1bado 26 de octubre\u00a0<\/strong>y que convoca a los responsables de la gesti\u00f3n econ\u00f3mica y a los banqueros centrales de todo el mundo.<\/p>\n<p>En representaci\u00f3n de la Argentina, Caputo acudir\u00e1 junto al presidente del Banco Central (BCRA),\u00a0<strong>Santiago Bausili<\/strong>, el viceministro de Econom\u00eda,<strong>\u00a0Jos\u00e9 Luis Daza,<\/strong>\u00a0y el secretario de Finanzas,<strong>\u00a0Pablo Quirno.<\/strong>\u00a0Los funcionarios ser\u00e1n parte de charlas con fondos, bancos y otros pa\u00edses y de reuniones del BID, BM, G20 y G24.<\/p>\n<p>El equipo econ\u00f3mico exhibir\u00e1 los indicadores de inflaci\u00f3n, que alcanz\u00f3 el 3,5% en septiembre, la reducci\u00f3n de la brecha cambiaria al 20% en las \u00faltimas semanas, y la ca\u00edda del riesgo pa\u00eds a 1.050 puntos b\u00e1sicos,<strong>\u00a0para mostrar el impacto de la emisi\u00f3n cero.<\/strong><\/p>\n<\/div>\n<\/article>\n","protected":false},"excerpt":{"rendered":"<p>El ministro de Econom\u00eda,\u00a0Luis Caputo, viajar\u00e1 a Estados Unidos para asistir a la\u00a0Cumbre anual del Fondo Monetario Internacional (FMI)\u00a0con el<\/p>\n","protected":false},"author":1,"featured_media":19506,"comment_status":"closed","ping_status":"closed","sticky":false,"template":"","format":"standard","meta":{"footnotes":"","jetpack_publicize_message":"","jetpack_publicize_feature_enabled":true,"jetpack_social_post_already_shared":true,"jetpack_social_options":{"image_generator_settings":{"template":"highway","enabled":false},"version":2}},"categories":[12],"tags":[],"class_list":["post-19505","post","type-post","status-publish","format-standard","has-post-thumbnail","hentry","category-politica"],"jetpack_publicize_connections":[],"_links":{"self":[{"href":"https:\/\/diariorepublica.com.ar\/web\/index.php\/wp-json\/wp\/v2\/posts\/19505"}],"collection":[{"href":"https:\/\/diariorepublica.com.ar\/web\/index.php\/wp-json\/wp\/v2\/posts"}],"about":[{"href":"https:\/\/diariorepublica.com.ar\/web\/index.php\/wp-json\/wp\/v2\/types\/post"}],"author":[{"embeddable":true,"href":"https:\/\/diariorepublica.com.ar\/web\/index.php\/wp-json\/wp\/v2\/users\/1"}],"replies":[{"embeddable":true,"href":"https:\/\/diariorepublica.com.ar\/web\/index.php\/wp-json\/wp\/v2\/comments?post=19505"}],"version-history":[{"count":1,"href":"https:\/\/diariorepublica.com.ar\/web\/index.php\/wp-json\/wp\/v2\/posts\/19505\/revisions"}],"predecessor-version":[{"id":19507,"href":"https:\/\/diariorepublica.com.ar\/web\/index.php\/wp-json\/wp\/v2\/posts\/19505\/revisions\/19507"}],"wp:featuredmedia":[{"embeddable":true,"href":"https:\/\/diariorepublica.com.ar\/web\/index.php\/wp-json\/wp\/v2\/media\/19506"}],"wp:attachment":[{"href":"https:\/\/diariorepublica.com.ar\/web\/index.php\/wp-json\/wp\/v2\/media?parent=19505"}],"wp:term":[{"taxonomy":"category","embeddable":true,"href":"https:\/\/diariorepublica.com.ar\/web\/index.php\/wp-json\/wp\/v2\/categories?post=19505"},{"taxonomy":"post_tag","embeddable":true,"href":"https:\/\/diariorepublica.com.ar\/web\/index.php\/wp-json\/wp\/v2\/tags?post=19505"}],"curies":[{"name":"wp","href":"https:\/\/api.w.org\/{rel}","templated":true}]}}