{"id":19508,"date":"2024-10-21T07:41:52","date_gmt":"2024-10-21T10:41:52","guid":{"rendered":"https:\/\/diariorepublica.com.ar\/web\/?p=19508"},"modified":"2024-10-21T07:41:54","modified_gmt":"2024-10-21T10:41:54","slug":"el-titular-de-la-sigen-revelo-que-las-auditorias-iniciaran-por-facultades-de-la-uba","status":"publish","type":"post","link":"https:\/\/diariorepublica.com.ar\/web\/index.php\/nacionales\/2024\/10\/21\/el-titular-de-la-sigen-revelo-que-las-auditorias-iniciaran-por-facultades-de-la-uba\/","title":{"rendered":"El titular de la SIGEN revel\u00f3 que las auditorias iniciar\u00e1n por facultades de la UBA"},"content":{"rendered":"<p>El titular de la Sindicatura General de la Naci\u00f3n (SIGEN), Miguel Blanco, revel\u00f3 que las auditorias en las cuentas de las altas casas de estudio iniciar\u00e1n por facultades de la Universidad de Buenos Aires (UBA), de las m\u00e1s masivas, y una de las que adeuda varios informes de sus cuentas.<\/p>\n<p>\u00abDentro del cronograma vamos a privilegiar a las universidades que tienen mayor volumen de presupuesto. Probablemente arrancaremos por la UBA\u00bb, cont\u00f3 en declaraciones al programa \u00abSi pasa, pasa\u00bb, que conduce Ignacio Ortelli por Radio Rivadavia.<\/p>\n<p>Seg\u00fan explic\u00f3, el procedimiento inicia con un relevamiento de los procesos internos de cada repartici\u00f3n, luego se realiza una identificaci\u00f3n de los controles, relativo a los movimientos de fondos, y en tercer lugar se ponen a prueba para evaluar su funcionamiento.<\/p>\n<p>\u00abRevisamos el destino, la aplicaci\u00f3n, la documentaci\u00f3n sustentadora, si est\u00e1n de acuerdo los objetivos, y si se han subcontratado a terceros. Generamos un informe que se discute con las autoridades, y luego se eleva a Presidencia de la Naci\u00f3n, Jefatura de Gabinete y Secretar\u00eda General de la Presidencia. Tambi\u00e9n al rector\u00bb, detall\u00f3.<\/p>\n<p>En la misma l\u00ednea, el funcionario asegur\u00f3 que las universidades reciben de manera positiva el aporte de la auditoria de la SIGEN debido a que -considera, les ayuda a mejorar sus procesos y brindan capacitaciones a las unidades de auditor\u00eda interna, y vaticin\u00f3 que los informes preliminares estar\u00e1n en un plazo de un mes.<\/p>\n<p>\u00abSi hay un actor de la sociedad que debe dar el ejemplo de transparencia son las universidades\u00bb, defini\u00f3 al tiempo que revel\u00f3 que las auditorias en las facultades iniciar\u00e1n esta semana, luego de una serie de trabajos especiales solicitados por el presidente Javier Milei.<\/p>\n<p>Blanco detall\u00f3 que la SIGEN estuvo abocada a relevar cada \u00e1rea de la administraci\u00f3n p\u00fablica y a seguir los movimientos de los 29 Fondos Fiduciarios, as\u00ed tambi\u00e9n la transparencia de comedores comunitarios y servicios de limpieza.<\/p>\n<p>\u00abEstamos reestructurando el equipo que estaba auditando universidades y estamos empezando algunas de las auditorias. La idea es que armemos un cronograma porque no podemos auditar las 60 universidades a la vez, y reforzar los equipos\u00bb, afirm\u00f3.<\/p>\n<p>Asimismo, insisti\u00f3 en iniciar el proceso por las universidades que no han rendido cuentas en los \u00faltimos a\u00f1os, y aclar\u00f3 que ante el hallazgo de irregularidades se cotejar\u00e1 la informaci\u00f3n con las autoridades auditadas, para evitar conflictos de interpretaci\u00f3n, y de confirmarse se derivar\u00e1 el informe a la Oficina Anticorrupci\u00f3n y a la Procuradur\u00eda de Investigaciones Administrativas.<\/p>\n<p>Por \u00faltimo, el titular de la SIGEN postul\u00f3 que el organismo que lidera eval\u00faa la labor de la auditor\u00eda interna, y si se detectan problemas de control interno, sin impacto econ\u00f3mico, quedan en observaciones para que se corrijan. Por el contrario, se denuncian las universidades que presentan \u00abproblemas de malversaci\u00f3n de fondos\u00bb.<\/p>\n","protected":false},"excerpt":{"rendered":"<p>El titular de la Sindicatura General de la Naci\u00f3n (SIGEN), Miguel Blanco, revel\u00f3 que las auditorias en las cuentas de<\/p>\n","protected":false},"author":1,"featured_media":19509,"comment_status":"closed","ping_status":"closed","sticky":false,"template":"","format":"standard","meta":{"footnotes":"","jetpack_publicize_message":"","jetpack_publicize_feature_enabled":true,"jetpack_social_post_already_shared":true,"jetpack_social_options":{"image_generator_settings":{"template":"highway","enabled":false},"version":2}},"categories":[4],"tags":[],"class_list":["post-19508","post","type-post","status-publish","format-standard","has-post-thumbnail","hentry","category-nacionales"],"jetpack_publicize_connections":[],"_links":{"self":[{"href":"https:\/\/diariorepublica.com.ar\/web\/index.php\/wp-json\/wp\/v2\/posts\/19508"}],"collection":[{"href":"https:\/\/diariorepublica.com.ar\/web\/index.php\/wp-json\/wp\/v2\/posts"}],"about":[{"href":"https:\/\/diariorepublica.com.ar\/web\/index.php\/wp-json\/wp\/v2\/types\/post"}],"author":[{"embeddable":true,"href":"https:\/\/diariorepublica.com.ar\/web\/index.php\/wp-json\/wp\/v2\/users\/1"}],"replies":[{"embeddable":true,"href":"https:\/\/diariorepublica.com.ar\/web\/index.php\/wp-json\/wp\/v2\/comments?post=19508"}],"version-history":[{"count":1,"href":"https:\/\/diariorepublica.com.ar\/web\/index.php\/wp-json\/wp\/v2\/posts\/19508\/revisions"}],"predecessor-version":[{"id":19510,"href":"https:\/\/diariorepublica.com.ar\/web\/index.php\/wp-json\/wp\/v2\/posts\/19508\/revisions\/19510"}],"wp:featuredmedia":[{"embeddable":true,"href":"https:\/\/diariorepublica.com.ar\/web\/index.php\/wp-json\/wp\/v2\/media\/19509"}],"wp:attachment":[{"href":"https:\/\/diariorepublica.com.ar\/web\/index.php\/wp-json\/wp\/v2\/media?parent=19508"}],"wp:term":[{"taxonomy":"category","embeddable":true,"href":"https:\/\/diariorepublica.com.ar\/web\/index.php\/wp-json\/wp\/v2\/categories?post=19508"},{"taxonomy":"post_tag","embeddable":true,"href":"https:\/\/diariorepublica.com.ar\/web\/index.php\/wp-json\/wp\/v2\/tags?post=19508"}],"curies":[{"name":"wp","href":"https:\/\/api.w.org\/{rel}","templated":true}]}}