{"id":19517,"date":"2024-10-21T08:00:00","date_gmt":"2024-10-21T11:00:00","guid":{"rendered":"https:\/\/diariorepublica.com.ar\/web\/?p=19517"},"modified":"2024-10-21T08:00:02","modified_gmt":"2024-10-21T11:00:02","slug":"kicillof-repudio-la-frase-de-javier-milei-sobre-cristina-es-incompatible-con-la-democracia","status":"publish","type":"post","link":"https:\/\/diariorepublica.com.ar\/web\/index.php\/politica\/2024\/10\/21\/kicillof-repudio-la-frase-de-javier-milei-sobre-cristina-es-incompatible-con-la-democracia\/","title":{"rendered":"Kicillof repudi\u00f3 la frase de Javier Milei sobre Cristina: \u00abEs incompatible con la democracia\u00bb"},"content":{"rendered":"<p>El gobernador de Buenos Aires, Axel Kicillof, calific\u00f3 de \u00abnefasto e indigno\u00bb el comentario del presidente Javier Milei en el que manifest\u00f3 su deseo de \u00abponerle el \u00faltimo clavo al caj\u00f3n del kirchnerismo, con Cristina adentro\u00bb.<\/p>\n<p>Al ser consultado sobre la actualidad pol\u00edtica, y en particular del PJ, el mandatario afirm\u00f3 que la interna entre Cristina Kirchner y Ricardo Quintela \u00abes un problema de la oposici\u00f3n\u00bb. Sin embargo, a\u00f1adi\u00f3: \u00abAhora&#8230; tambi\u00e9n hay una parte de morbo y es que me encantar\u00eda meterle el \u00faltimo clavo al caj\u00f3n del kirchnerismo, con Cristina adentro\u201d.<\/p>\n<article class=\"article-body article-body--third-paragraph content-protected-false\">\n<p>Luego de viralizarse la frase del mandatario,\u00a0<strong>Kicillof<\/strong>\u00a0sali\u00f3 en defensa de la expresidenta y del partido de centroizquierda.\u00a0<strong>\u00abGrav\u00edsimo, nefasto e indigno de un Presidente. \u00bfCu\u00e1ntas veces habr\u00e1 que repudiar el odio y la violencia de las palabras de Milei?\u00bb<\/strong>, dijo.<\/p>\n<\/article>\n<article class=\"article-body article-body--fourth-paragraph content-protected-false\">\n<p><strong>\u00abEstas declaraciones de un presidente contra Cristina son completamente incompatibles con la democracia\u00bb<\/strong>, dijo y agreg\u00f3:\u00a0<strong>\u00abEspero que reciban el repudio de todo el arco pol\u00edtico\u00bb.<\/strong><\/p>\n<\/article>\n<article class=\"article-body article-body--remaining-paragraph content-protected-false\">\n<div id=\"embed4867_wrap\" class=\"embed_cont type_freetext\" contenteditable=\"false\" data-provider=\"Twitter\">\n<div id=\"embed4867_content\" class=\"embed_content\">\n<div id=\"embed4867_embed\">\n<div class=\"twitter-tweet twitter-tweet-rendered\"><iframe id=\"twitter-widget-0\" class=\"\" title=\"X Post\" src=\"https:\/\/platform.twitter.com\/embed\/Tweet.html?creatorScreenName=Ambitocom&amp;dnt=false&amp;embedId=twitter-widget-0&amp;features=eyJ0ZndfdGltZWxpbmVfbGlzdCI6eyJidWNrZXQiOltdLCJ2ZXJzaW9uIjpudWxsfSwidGZ3X2ZvbGxvd2VyX2NvdW50X3N1bnNldCI6eyJidWNrZXQiOnRydWUsInZlcnNpb24iOm51bGx9LCJ0ZndfdHdlZXRfZWRpdF9iYWNrZW5kIjp7ImJ1Y2tldCI6Im9uIiwidmVyc2lvbiI6bnVsbH0sInRmd19yZWZzcmNfc2Vzc2lvbiI6eyJidWNrZXQiOiJvbiIsInZlcnNpb24iOm51bGx9LCJ0ZndfZm9zbnJfc29mdF9pbnRlcnZlbnRpb25zX2VuYWJsZWQiOnsiYnVja2V0Ijoib24iLCJ2ZXJzaW9uIjpudWxsfSwidGZ3X21peGVkX21lZGlhXzE1ODk3Ijp7ImJ1Y2tldCI6InRyZWF0bWVudCIsInZlcnNpb24iOm51bGx9LCJ0ZndfZXhwZXJpbWVudHNfY29va2llX2V4cGlyYXRpb24iOnsiYnVja2V0IjoxMjA5NjAwLCJ2ZXJzaW9uIjpudWxsfSwidGZ3X3Nob3dfYmlyZHdhdGNoX3Bpdm90c19lbmFibGVkIjp7ImJ1Y2tldCI6Im9uIiwidmVyc2lvbiI6bnVsbH0sInRmd19kdXBsaWNhdGVfc2NyaWJlc190b19zZXR0aW5ncyI6eyJidWNrZXQiOiJvbiIsInZlcnNpb24iOm51bGx9LCJ0ZndfdXNlX3Byb2ZpbGVfaW1hZ2Vfc2hhcGVfZW5hYmxlZCI6eyJidWNrZXQiOiJvbiIsInZlcnNpb24iOm51bGx9LCJ0ZndfdmlkZW9faGxzX2R5bmFtaWNfbWFuaWZlc3RzXzE1MDgyIjp7ImJ1Y2tldCI6InRydWVfYml0cmF0ZSIsInZlcnNpb24iOm51bGx9LCJ0ZndfbGVnYWN5X3RpbWVsaW5lX3N1bnNldCI6eyJidWNrZXQiOnRydWUsInZlcnNpb24iOm51bGx9LCJ0ZndfdHdlZXRfZWRpdF9mcm9udGVuZCI6eyJidWNrZXQiOiJvbiIsInZlcnNpb24iOm51bGx9fQ%3D%3D&amp;frame=false&amp;hideCard=false&amp;hideThread=false&amp;id=1848183125588709846&amp;lang=es&amp;origin=https%3A%2F%2Fwww.ambito.com%2Fpolitica%2Faxel-kicillof-repudio-la-frase-javier-milei-cristina-es-incompatible-la-democracia-n6072637&amp;sessionId=9fc81630e61b4746eaecc6888cb176fa8d57d630&amp;siteScreenName=Ambitocom&amp;theme=light&amp;widgetsVersion=2615f7e52b7e0%3A1702314776716&amp;width=550px\" frameborder=\"0\" scrolling=\"no\" allowfullscreen=\"allowfullscreen\" data-tweet-id=\"1848183125588709846\" data-mce-fragment=\"1\"><\/iframe><\/div>\n<\/div>\n<\/div>\n<\/div>\n<\/article>\n\n\n<p>ambito.com<\/p>\n","protected":false},"excerpt":{"rendered":"<p>El gobernador de Buenos Aires, Axel Kicillof, calific\u00f3 de \u00abnefasto e indigno\u00bb el comentario del presidente Javier Milei en el<\/p>\n","protected":false},"author":1,"featured_media":19518,"comment_status":"closed","ping_status":"closed","sticky":false,"template":"","format":"standard","meta":{"footnotes":"","jetpack_publicize_message":"","jetpack_publicize_feature_enabled":true,"jetpack_social_post_already_shared":true,"jetpack_social_options":{"image_generator_settings":{"template":"highway","enabled":false},"version":2}},"categories":[12],"tags":[],"class_list":["post-19517","post","type-post","status-publish","format-standard","has-post-thumbnail","hentry","category-politica"],"jetpack_publicize_connections":[],"_links":{"self":[{"href":"https:\/\/diariorepublica.com.ar\/web\/index.php\/wp-json\/wp\/v2\/posts\/19517"}],"collection":[{"href":"https:\/\/diariorepublica.com.ar\/web\/index.php\/wp-json\/wp\/v2\/posts"}],"about":[{"href":"https:\/\/diariorepublica.com.ar\/web\/index.php\/wp-json\/wp\/v2\/types\/post"}],"author":[{"embeddable":true,"href":"https:\/\/diariorepublica.com.ar\/web\/index.php\/wp-json\/wp\/v2\/users\/1"}],"replies":[{"embeddable":true,"href":"https:\/\/diariorepublica.com.ar\/web\/index.php\/wp-json\/wp\/v2\/comments?post=19517"}],"version-history":[{"count":1,"href":"https:\/\/diariorepublica.com.ar\/web\/index.php\/wp-json\/wp\/v2\/posts\/19517\/revisions"}],"predecessor-version":[{"id":19519,"href":"https:\/\/diariorepublica.com.ar\/web\/index.php\/wp-json\/wp\/v2\/posts\/19517\/revisions\/19519"}],"wp:featuredmedia":[{"embeddable":true,"href":"https:\/\/diariorepublica.com.ar\/web\/index.php\/wp-json\/wp\/v2\/media\/19518"}],"wp:attachment":[{"href":"https:\/\/diariorepublica.com.ar\/web\/index.php\/wp-json\/wp\/v2\/media?parent=19517"}],"wp:term":[{"taxonomy":"category","embeddable":true,"href":"https:\/\/diariorepublica.com.ar\/web\/index.php\/wp-json\/wp\/v2\/categories?post=19517"},{"taxonomy":"post_tag","embeddable":true,"href":"https:\/\/diariorepublica.com.ar\/web\/index.php\/wp-json\/wp\/v2\/tags?post=19517"}],"curies":[{"name":"wp","href":"https:\/\/api.w.org\/{rel}","templated":true}]}}