{"id":19520,"date":"2024-10-21T09:31:33","date_gmt":"2024-10-21T12:31:33","guid":{"rendered":"https:\/\/diariorepublica.com.ar\/web\/?p=19520"},"modified":"2024-10-21T09:31:35","modified_gmt":"2024-10-21T12:31:35","slug":"colapinto-celebro-su-carrera-en-las-redes-sociales","status":"publish","type":"post","link":"https:\/\/diariorepublica.com.ar\/web\/index.php\/deportes\/2024\/10\/21\/colapinto-celebro-su-carrera-en-las-redes-sociales\/","title":{"rendered":"Colapinto celebr\u00f3 su carrera en las redes sociales"},"content":{"rendered":"<p><strong>El piloto argentino Franco Colapinto celebr\u00f3 su desempe\u00f1o en el GP de Estados Unidos en la F\u00f3rmula 1 en sus redes sociales y agradeci\u00f3 la presencia de los hinchas en el circuito.<\/strong><\/p>\n<p><strong>\u00abQue lindo d\u00eda para unos puntitos&#8230; \u00a1Incre\u00edble la cantidad de argentinos que hab\u00eda hoy! \u00a1Nadie lo puede creer! No traten de entendernos jajajaj\u00bb<\/strong>, escribi\u00f3 Colapinto en la red social Instagram.<\/p>\n<p>Y agreg\u00f3 que lamentaba haber perdido la vuelta r\u00e1pida pero destaac\u00f3 su ritmo:\u00a0<strong>\u00abMuy buen ritmo, casi vuelta r\u00e1pida de la carrera y m\u00e1s puntos para el equipo. \u00a1Muy contentos despu\u00e9s de una qualy complicada!\u00bb.<\/strong><\/p>\n<p><strong>\u201cNo tengo palabras para agradecerles todo lo que nos hicieron sentir este finde en el circuito los quiero mucho!\u201d<\/strong>, finaliz\u00f3 el pilarense.<\/p>\n<figure class=\"multimedia\" data-type=\"rich\" data-html=\"\" data-url=\"https:\/\/www.instagram.com\/p\/DBXdhMJP1BH\/\" data-tadevel-template=\"web\/multimedia\">\n<div class=\"content\"><iframe src=\"https:\/\/alpha-app.tadevel-cdn.com\/hostname\/noticiasargentinas.com\/api\/v1\/sandbox\/PGJsb2NrcXVvdGUgY2xhc3M9Imluc3RhZ3JhbS1tZWRpYSIgZGF0YS1pbnN0Z3JtLWNhcHRpb25lZCBkYXRhLWluc3Rncm0tcGVybWFsaW5rPSJodHRwczovL3d3dy5pbnN0YWdyYW0uY29tL3AvREJYZGhNSlAxQkgvP3V0bV9zb3VyY2U9aWdfZW1iZWQmYW1wO3V0bV9jYW1wYWlnbj1sb2FkaW5nIiBkYXRhLWluc3Rncm0tdmVyc2lvbj0iMTQiIHN0eWxlPSIgYmFja2dyb3VuZDojRkZGOyBib3JkZXI6MDsgYm9yZGVyLXJhZGl1czozcHg7IGJveC1zaGFkb3c6MCAwIDFweCAwIHJnYmEoMCwwLDAsMC41KSwwIDFweCAxMHB4IDAgcmdiYSgwLDAsMCwwLjE1KTsgbWFyZ2luOiAxcHg7IG1heC13aWR0aDo2NThweDsgbWluLXdpZHRoOjMyNnB4OyBwYWRkaW5nOjA7IHdpZHRoOjk5LjM3NSU7IHdpZHRoOi13ZWJraXQtY2FsYygxMDAlIC0gMnB4KTsgd2lkdGg6Y2FsYygxMDAlIC0gMnB4KTsiPjwvYmxvY2txdW90ZT4KPHNjcmlwdCBhc3luYyBzcmM9Ii8vcGxhdGZvcm0uaW5zdGFncmFtLmNvbS9lbl9VUy9lbWJlZHMuanMiPjwvc2NyaXB0Pg%3D%3D?v=c6cf12a4d711afbbea50cba194cb7f4d&amp;s=004ca5e9e02326a6d7bdaec0904798f3\" scrolling=\"no\" sandbox=\"allow-scripts allow-forms allow-same-origin allow-popups allow-popups-to-escape-sandbox\" data-mce-fragment=\"1\"><\/iframe><\/div><figcaption class=\"caption\">\n<div class=\"description\">Instagram de francolapinto<\/div>\n<div>NA<\/div>\n<\/figcaption><\/figure>\n","protected":false},"excerpt":{"rendered":"<p>El piloto argentino Franco Colapinto celebr\u00f3 su desempe\u00f1o en el GP de Estados Unidos en la F\u00f3rmula 1 en sus<\/p>\n","protected":false},"author":1,"featured_media":19521,"comment_status":"closed","ping_status":"closed","sticky":false,"template":"","format":"standard","meta":{"footnotes":"","jetpack_publicize_message":"","jetpack_publicize_feature_enabled":true,"jetpack_social_post_already_shared":true,"jetpack_social_options":{"image_generator_settings":{"template":"highway","enabled":false},"version":2}},"categories":[9],"tags":[],"class_list":["post-19520","post","type-post","status-publish","format-standard","has-post-thumbnail","hentry","category-deportes"],"jetpack_publicize_connections":[],"_links":{"self":[{"href":"https:\/\/diariorepublica.com.ar\/web\/index.php\/wp-json\/wp\/v2\/posts\/19520"}],"collection":[{"href":"https:\/\/diariorepublica.com.ar\/web\/index.php\/wp-json\/wp\/v2\/posts"}],"about":[{"href":"https:\/\/diariorepublica.com.ar\/web\/index.php\/wp-json\/wp\/v2\/types\/post"}],"author":[{"embeddable":true,"href":"https:\/\/diariorepublica.com.ar\/web\/index.php\/wp-json\/wp\/v2\/users\/1"}],"replies":[{"embeddable":true,"href":"https:\/\/diariorepublica.com.ar\/web\/index.php\/wp-json\/wp\/v2\/comments?post=19520"}],"version-history":[{"count":1,"href":"https:\/\/diariorepublica.com.ar\/web\/index.php\/wp-json\/wp\/v2\/posts\/19520\/revisions"}],"predecessor-version":[{"id":19522,"href":"https:\/\/diariorepublica.com.ar\/web\/index.php\/wp-json\/wp\/v2\/posts\/19520\/revisions\/19522"}],"wp:featuredmedia":[{"embeddable":true,"href":"https:\/\/diariorepublica.com.ar\/web\/index.php\/wp-json\/wp\/v2\/media\/19521"}],"wp:attachment":[{"href":"https:\/\/diariorepublica.com.ar\/web\/index.php\/wp-json\/wp\/v2\/media?parent=19520"}],"wp:term":[{"taxonomy":"category","embeddable":true,"href":"https:\/\/diariorepublica.com.ar\/web\/index.php\/wp-json\/wp\/v2\/categories?post=19520"},{"taxonomy":"post_tag","embeddable":true,"href":"https:\/\/diariorepublica.com.ar\/web\/index.php\/wp-json\/wp\/v2\/tags?post=19520"}],"curies":[{"name":"wp","href":"https:\/\/api.w.org\/{rel}","templated":true}]}}