{"id":19526,"date":"2024-10-21T10:17:00","date_gmt":"2024-10-21T13:17:00","guid":{"rendered":"https:\/\/diariorepublica.com.ar\/web\/?p=19526"},"modified":"2024-10-21T10:38:49","modified_gmt":"2024-10-21T13:38:49","slug":"aunque-me-maten-vos-como-presidente-das-verguenza-ajena-la-respuesta-de-cristina-kirchner-a-milei","status":"publish","type":"post","link":"https:\/\/diariorepublica.com.ar\/web\/index.php\/politica\/2024\/10\/21\/aunque-me-maten-vos-como-presidente-das-verguenza-ajena-la-respuesta-de-cristina-kirchner-a-milei\/","title":{"rendered":"\u00abAunque me maten, vos como presidente das verg\u00fcenza ajena\u00bb, la respuesta de Cristina Kirchner a Milei"},"content":{"rendered":"<p>La ex vicepresidenta<strong>\u00a0Cristina Kirchner<\/strong>\u00a0carg\u00f3 contra el presidente\u00a0<strong>Javier Milei<\/strong>, luego de que este asegurara\u00a0que busca \u201cmeterle el \u00faltimo clavo al caj\u00f3n del kirchnerismo, con Cristina Kirchner adentro\u201d:<strong>\u00a0\u00abAunque me maten, tu Gobierno es un fracaso y vos como presidente das verg\u00fcenza ajena\u00bb<\/strong>, sentenci\u00f3.<\/p>\n<p><strong>\u201c\u00bfAs\u00ed que ahora tambi\u00e9n me quer\u00e9s matar?\u201d,<\/strong>\u00a0se pregunt\u00f3 la dos veces mandataria a trav\u00e9s de su cuenta de X, y continu\u00f3: \u201cEst\u00e1s nervioso y agresivo porque todas las idioteces que, durante a\u00f1os, dijiste en la tele y todav\u00eda segu\u00eds repitiendo son solo eso:<strong>\u00a0idioteces\u201d<\/strong><\/p>\n<p>En un extenso mensaje, la ex vicepresidenta le respondi\u00f3 al libertario, quien pronunci\u00f3 pol\u00e9micas declaraciones contra la referente del peronismo que sufri\u00f3 un intento de magnicidio el pasado 1 de septiembre de 2022.<\/p>\n<p>\u201c<strong>Y como no ten\u00e9s las m\u00e1s p\u00e1lida idea de lo que es la gesti\u00f3n del Estado terminaste pidi\u00e9ndole ayuda a Macri<\/strong>. Resulta que ibas a dolarizar y terminaste copi\u00e1ndole la tablita del d\u00f3lar a Mart\u00ednez de Hoz; y lo tenemos otra vez al Toto Caputo con el carry trade, donde se la est\u00e1n llevando en pala los sectores financieros.\u00a0<strong>Pens\u00e9 que los plagios solamente los hac\u00edas con los libros\u201d<\/strong>, ironiz\u00f3 Cristina Kirchner.<\/p>\n<p>En la misma l\u00ednea, detall\u00f3: \u201cDijiste que ibas a cerrar el Banco Central y terminaste pasando sus pasivos al Estado argentino con las LEFI y las LECAPS que est\u00e1n generando intereses mensuales por m\u00e1s de 2 billones de pesos y armando una bola que, cuando explote, mejor no estar cerca\u201d.<\/p>\n<p>\u201cSer\u00eda bueno que, en lugar de insultar a diestra y siniestra, y amenazarme con mi muerte, encontraras la forma de que los argentinos puedan volver a comer cuatro veces al d\u00eda y en su casa, sus hijos crecer sanos para poder estudiar y progresar y los viejos tengan sus remedios para poder vivir\u201d, subray\u00f3.<\/p>\n<p>Asimismo, en una clara chicana a la ministra de Seguridad,<strong>\u00a0Patricia Bullrich<\/strong>, la expresidenta afirm\u00f3:\u00a0<strong>\u201cYa hubo una \u00e9poca en la Argentina, en la que se pensaba que la muerte del adversario era la soluci\u00f3n. De aquel tiempo podes preguntarle a tu Ministra de Seguridad que, de eso, puede dar c\u00e1tedra\u201d.\u00a0<\/strong><\/p>\n<p>\u201cAs\u00ed que dej\u00e1 de amenazar y aprende a gestionar el Estado, porque \u00bfsabes una cosa Javier Gerardo Milei?<strong>\u00a0Aunque me maten y de m\u00ed no queden ni la cenizas\u2026 tu Gobierno es un fracaso y vos como Presidente das verg\u00fcenza ajena<\/strong>\u201d, asever\u00f3.<\/p>\n<p>Por \u00faltimo, la extitular del Senado hizo responsable al expresidente y a los medios de comunicaci\u00f3n que \u201chan habilitado discursos de violencia sin l\u00edmites (que finalmente terminan con un intento de disparo en la cabeza)\u201d de su integridad f\u00edsica y la de otros peronistas e integrantes de otras fuerzas opositoras.<\/p>\n<p>NA<\/p>\n","protected":false},"excerpt":{"rendered":"<p>La ex vicepresidenta\u00a0Cristina Kirchner\u00a0carg\u00f3 contra el presidente\u00a0Javier Milei, luego de que este asegurara\u00a0que busca \u201cmeterle el \u00faltimo clavo al caj\u00f3n<\/p>\n","protected":false},"author":1,"featured_media":19527,"comment_status":"closed","ping_status":"closed","sticky":false,"template":"","format":"standard","meta":{"footnotes":"","jetpack_publicize_message":"","jetpack_publicize_feature_enabled":true,"jetpack_social_post_already_shared":true,"jetpack_social_options":{"image_generator_settings":{"template":"highway","enabled":false},"version":2}},"categories":[12],"tags":[],"class_list":["post-19526","post","type-post","status-publish","format-standard","has-post-thumbnail","hentry","category-politica"],"jetpack_publicize_connections":[],"_links":{"self":[{"href":"https:\/\/diariorepublica.com.ar\/web\/index.php\/wp-json\/wp\/v2\/posts\/19526"}],"collection":[{"href":"https:\/\/diariorepublica.com.ar\/web\/index.php\/wp-json\/wp\/v2\/posts"}],"about":[{"href":"https:\/\/diariorepublica.com.ar\/web\/index.php\/wp-json\/wp\/v2\/types\/post"}],"author":[{"embeddable":true,"href":"https:\/\/diariorepublica.com.ar\/web\/index.php\/wp-json\/wp\/v2\/users\/1"}],"replies":[{"embeddable":true,"href":"https:\/\/diariorepublica.com.ar\/web\/index.php\/wp-json\/wp\/v2\/comments?post=19526"}],"version-history":[{"count":1,"href":"https:\/\/diariorepublica.com.ar\/web\/index.php\/wp-json\/wp\/v2\/posts\/19526\/revisions"}],"predecessor-version":[{"id":19528,"href":"https:\/\/diariorepublica.com.ar\/web\/index.php\/wp-json\/wp\/v2\/posts\/19526\/revisions\/19528"}],"wp:featuredmedia":[{"embeddable":true,"href":"https:\/\/diariorepublica.com.ar\/web\/index.php\/wp-json\/wp\/v2\/media\/19527"}],"wp:attachment":[{"href":"https:\/\/diariorepublica.com.ar\/web\/index.php\/wp-json\/wp\/v2\/media?parent=19526"}],"wp:term":[{"taxonomy":"category","embeddable":true,"href":"https:\/\/diariorepublica.com.ar\/web\/index.php\/wp-json\/wp\/v2\/categories?post=19526"},{"taxonomy":"post_tag","embeddable":true,"href":"https:\/\/diariorepublica.com.ar\/web\/index.php\/wp-json\/wp\/v2\/tags?post=19526"}],"curies":[{"name":"wp","href":"https:\/\/api.w.org\/{rel}","templated":true}]}}