{"id":19538,"date":"2024-10-22T06:49:00","date_gmt":"2024-10-22T09:49:00","guid":{"rendered":"https:\/\/diariorepublica.com.ar\/web\/?p=19538"},"modified":"2024-10-22T07:55:31","modified_gmt":"2024-10-22T10:55:31","slug":"javier-milei-le-respondio-a-cristina-kirchner-parece-que-le-cuesta-entender-una-simple-metafora","status":"publish","type":"post","link":"https:\/\/diariorepublica.com.ar\/web\/index.php\/politica\/2024\/10\/22\/javier-milei-le-respondio-a-cristina-kirchner-parece-que-le-cuesta-entender-una-simple-metafora\/","title":{"rendered":"Javier Milei le respondi\u00f3 a Cristina Kirchner: \u00abParece que le cuesta entender una simple met\u00e1fora\u00bb"},"content":{"rendered":"<article class=\"article-body article-body--first-paragraph content-protected-false\" data-td-script-src=\"https:\/\/www.ambito.com\/td\/modulos\/encuestas\/js\/function-embeds-min-version-1729570070.js\">El presidente\u00a0<strong>Javier Milei<\/strong>\u00a0le respondi\u00f3 este lunes a la exmandataria\u00a0<strong>Cristina Fern\u00e1ndez de Kirchner<\/strong>\u00a0luego de la pol\u00e9mica que suscitaron sus dichos sobre\u00a0\u00abponerle el \u00faltimo clavo al caj\u00f3n del kirchnerismo con cristina adentro\u00bb.<\/p>\n<\/article>\n<article class=\"article-body article-body--second-paragraph content-protected-false\">La desafortunada frase formulada en una entrevista televisiva el domingo por la noche provoc\u00f3 el enojo de la exvicepresidenta que lanz\u00f3 en sus redes sociales:\u00a0<strong>\u00ab\u00bfAs\u00ed que ahora me quer\u00e9s<\/strong>\u00a0matar?\u00bb.\u00a0La alusi\u00f3n de\u00a0<strong>Milei<\/strong>\u00a0fue repudiada por buena parte del arco pol\u00edtico, por la\u00a0<strong>CGT<\/strong>\u00a0y\u00a0dio pie a un\u00a0<strong>pedido de juicio pol\u00edtico por parte de un senador de Uni\u00f3n por la Patria.<\/strong><\/p>\n<article class=\"article-body article-body--third-paragraph content-protected-false\">Pero la respuesta del jefe de Estado no tard\u00f3 en llegar. Tras excusarse por no haber respondido con antelaci\u00f3n por estar \u00abocupado resolviendo temas muy importantes para el bienestar de los argentinos de bien\u00bb,\u00a0<strong>Milei consider\u00f3 sus declaraciones se trataron de una \u00absimple met\u00e1fora\u00bb.<\/strong><\/p>\n<\/article>\n<article class=\"article-body article-body--fourth-paragraph content-protected-false\"><strong>\u00abParece que le cuesta m\u00e1s trabajo entender una simple met\u00e1fora que mostrar su t\u00edtulo de abogada y\/o sus casos exitosos que sustentan su inmensa fortuna o entender algo de teor\u00eda econ\u00f3mica\u00bb<\/strong>, lanz\u00f3 en su cuenta de X.<\/p>\n<\/article>\n<article class=\"article-body article-body--remaining-paragraph content-protected-false\">\n<div id=\"embed3885_wrap\" class=\"embed_cont type_freetext\" contenteditable=\"false\" data-provider=\"Twitter\">\n<div id=\"embed3885_content\" class=\"embed_content\">\n<div id=\"embed3885_embed\">\n<div class=\"twitter-tweet twitter-tweet-rendered\"><iframe id=\"twitter-widget-0\" class=\"\" title=\"X Post\" src=\"https:\/\/platform.twitter.com\/embed\/Tweet.html?creatorScreenName=Ambitocom&amp;dnt=false&amp;embedId=twitter-widget-0&amp;features=eyJ0ZndfdGltZWxpbmVfbGlzdCI6eyJidWNrZXQiOltdLCJ2ZXJzaW9uIjpudWxsfSwidGZ3X2ZvbGxvd2VyX2NvdW50X3N1bnNldCI6eyJidWNrZXQiOnRydWUsInZlcnNpb24iOm51bGx9LCJ0ZndfdHdlZXRfZWRpdF9iYWNrZW5kIjp7ImJ1Y2tldCI6Im9uIiwidmVyc2lvbiI6bnVsbH0sInRmd19yZWZzcmNfc2Vzc2lvbiI6eyJidWNrZXQiOiJvbiIsInZlcnNpb24iOm51bGx9LCJ0ZndfZm9zbnJfc29mdF9pbnRlcnZlbnRpb25zX2VuYWJsZWQiOnsiYnVja2V0Ijoib24iLCJ2ZXJzaW9uIjpudWxsfSwidGZ3X21peGVkX21lZGlhXzE1ODk3Ijp7ImJ1Y2tldCI6InRyZWF0bWVudCIsInZlcnNpb24iOm51bGx9LCJ0ZndfZXhwZXJpbWVudHNfY29va2llX2V4cGlyYXRpb24iOnsiYnVja2V0IjoxMjA5NjAwLCJ2ZXJzaW9uIjpudWxsfSwidGZ3X3Nob3dfYmlyZHdhdGNoX3Bpdm90c19lbmFibGVkIjp7ImJ1Y2tldCI6Im9uIiwidmVyc2lvbiI6bnVsbH0sInRmd19kdXBsaWNhdGVfc2NyaWJlc190b19zZXR0aW5ncyI6eyJidWNrZXQiOiJvbiIsInZlcnNpb24iOm51bGx9LCJ0ZndfdXNlX3Byb2ZpbGVfaW1hZ2Vfc2hhcGVfZW5hYmxlZCI6eyJidWNrZXQiOiJvbiIsInZlcnNpb24iOm51bGx9LCJ0ZndfdmlkZW9faGxzX2R5bmFtaWNfbWFuaWZlc3RzXzE1MDgyIjp7ImJ1Y2tldCI6InRydWVfYml0cmF0ZSIsInZlcnNpb24iOm51bGx9LCJ0ZndfbGVnYWN5X3RpbWVsaW5lX3N1bnNldCI6eyJidWNrZXQiOnRydWUsInZlcnNpb24iOm51bGx9LCJ0ZndfdHdlZXRfZWRpdF9mcm9udGVuZCI6eyJidWNrZXQiOiJvbiIsInZlcnNpb24iOm51bGx9fQ%3D%3D&amp;frame=false&amp;hideCard=false&amp;hideThread=false&amp;id=1848518623926665552&amp;lang=es&amp;origin=https%3A%2F%2Fwww.ambito.com%2Fpolitica%2Fjavier-milei-le-respondio-cristina-kirchner-parece-que-le-cuesta-entender-una-simple-metafora-n6073023&amp;sessionId=1987a4a06673d85277f314494230a4713c435e89&amp;siteScreenName=Ambitocom&amp;theme=light&amp;widgetsVersion=2615f7e52b7e0%3A1702314776716&amp;width=550px\" frameborder=\"0\" scrolling=\"no\" allowfullscreen=\"allowfullscreen\" data-tweet-id=\"1848518623926665552\" data-mce-fragment=\"1\"><\/iframe><\/div>\n<\/div>\n<\/div>\n<\/div>\n<\/article>\n<\/article>\n","protected":false},"excerpt":{"rendered":"<p>El presidente\u00a0Javier Milei\u00a0le respondi\u00f3 este lunes a la exmandataria\u00a0Cristina Fern\u00e1ndez de Kirchner\u00a0luego de la pol\u00e9mica que suscitaron sus dichos sobre\u00a0\u00abponerle<\/p>\n","protected":false},"author":1,"featured_media":19539,"comment_status":"closed","ping_status":"closed","sticky":false,"template":"","format":"standard","meta":{"footnotes":"","jetpack_publicize_message":"","jetpack_publicize_feature_enabled":true,"jetpack_social_post_already_shared":true,"jetpack_social_options":{"image_generator_settings":{"template":"highway","enabled":false},"version":2}},"categories":[12],"tags":[],"class_list":["post-19538","post","type-post","status-publish","format-standard","has-post-thumbnail","hentry","category-politica"],"jetpack_publicize_connections":[],"_links":{"self":[{"href":"https:\/\/diariorepublica.com.ar\/web\/index.php\/wp-json\/wp\/v2\/posts\/19538"}],"collection":[{"href":"https:\/\/diariorepublica.com.ar\/web\/index.php\/wp-json\/wp\/v2\/posts"}],"about":[{"href":"https:\/\/diariorepublica.com.ar\/web\/index.php\/wp-json\/wp\/v2\/types\/post"}],"author":[{"embeddable":true,"href":"https:\/\/diariorepublica.com.ar\/web\/index.php\/wp-json\/wp\/v2\/users\/1"}],"replies":[{"embeddable":true,"href":"https:\/\/diariorepublica.com.ar\/web\/index.php\/wp-json\/wp\/v2\/comments?post=19538"}],"version-history":[{"count":1,"href":"https:\/\/diariorepublica.com.ar\/web\/index.php\/wp-json\/wp\/v2\/posts\/19538\/revisions"}],"predecessor-version":[{"id":19540,"href":"https:\/\/diariorepublica.com.ar\/web\/index.php\/wp-json\/wp\/v2\/posts\/19538\/revisions\/19540"}],"wp:featuredmedia":[{"embeddable":true,"href":"https:\/\/diariorepublica.com.ar\/web\/index.php\/wp-json\/wp\/v2\/media\/19539"}],"wp:attachment":[{"href":"https:\/\/diariorepublica.com.ar\/web\/index.php\/wp-json\/wp\/v2\/media?parent=19538"}],"wp:term":[{"taxonomy":"category","embeddable":true,"href":"https:\/\/diariorepublica.com.ar\/web\/index.php\/wp-json\/wp\/v2\/categories?post=19538"},{"taxonomy":"post_tag","embeddable":true,"href":"https:\/\/diariorepublica.com.ar\/web\/index.php\/wp-json\/wp\/v2\/tags?post=19538"}],"curies":[{"name":"wp","href":"https:\/\/api.w.org\/{rel}","templated":true}]}}