{"id":19544,"date":"2024-10-22T08:58:00","date_gmt":"2024-10-22T11:58:00","guid":{"rendered":"https:\/\/diariorepublica.com.ar\/web\/?p=19544"},"modified":"2024-10-22T07:59:43","modified_gmt":"2024-10-22T10:59:43","slug":"el-gobierno-le-quitara-beneficios-impositivos-a-la-afa","status":"publish","type":"post","link":"https:\/\/diariorepublica.com.ar\/web\/index.php\/nacionales\/2024\/10\/22\/el-gobierno-le-quitara-beneficios-impositivos-a-la-afa\/","title":{"rendered":"El Gobierno le quitar\u00e1 beneficios impositivos a la AFA"},"content":{"rendered":"<p>En medio del conflicto entre el Gobierno -que reglament\u00f3 las Sociedades An\u00f3nimas Deportivas (SAD)- y la Asociaci\u00f3n de F\u00fatbol Argentino (AFA), el presidente Javier Milei reemplaz\u00f3 un r\u00e9gimen de cobro de ingresos por un comit\u00e9 encabezado por el Ministerio de Justicia y le quit\u00f3 un beneficio impositivo.<\/p>\n<p>A trav\u00e9s del decreto 939\/2024 publicado en el Bolet\u00edn Oficial el Gobierno suspendi\u00f3 el r\u00e9gimen anterior el cual supon\u00eda un ingreso de aportes personales y contribuciones patronales bajo la verificaci\u00f3n de la Secretar\u00eda de Seguridad Social, del ex Ministerio de Trabajo, Empleo y Seguridad Social. Los beneficios impositivos otorgaban facilidades a los clubes afiliados en el pago de cargas sociales de futbolistas, miembros del cuerpo m\u00e9dico y empleados.<\/p>\n<p>Ahora, se cre\u00f3 un comit\u00e9 que estar\u00e1 integrado por un representante de cada organismo nacional, entre ellos: del Ministerio de Justicia, de Econom\u00eda; de la Administraci\u00f3n Federal de Ingresos P\u00fablicos (AFIP); de la Administraci\u00f3n Nacional de Seguridad Social (Anses); de la Secretar\u00eda de Trabajo, Empleo y Seguridad Social -del Ministerio de Capital Humano; de Desregulaci\u00f3n y Transformaci\u00f3n del Estado; y de la Subsecretar\u00eda de Deportes, de la Secretar\u00eda de Turismo, Ambiente y Deportes.<\/p>\n<p>En cuanto a la AFA, habr\u00e1 un representante por la asociaci\u00f3n y deber\u00e1n designar a dos en nombre de clubes de f\u00fatbol que participen en la primera divisi\u00f3n, de los cuales uno ser\u00e1 seleccionado entre los tres con m\u00e1s socios acreditados durante 2023. Adem\u00e1s, habr\u00e1 otro integrante delegado a equipos de categor\u00edas inferiores.<\/p>\n<p>El decreto indica que el comit\u00e9 ser\u00e1 presidido por el Ministerio de Justicia, cuyo titular es Mariano C\u00faneo Libarona, y su objetivo ser\u00e1 \u201cdiscutir la procedencia y reformulaci\u00f3n del r\u00e9gimen, torn\u00e1ndolo eficiente, suficiente y sostenible para reemplazarlo\u201d. Comenzar\u00e1 a funcionar a partir del 6 de noviembre, durar\u00e1 seis meses y cada uno de los participantes lo har\u00e1 en car\u00e1cter \u201cad honorem\u201d.<\/p>\n<p>La Naci\u00f3n inform\u00f3 que desde el Gobierno afirmaron que entre noviembre de 2023 y abril de 2024 se perdieron m\u00e1s de 7 mil millones de pesos y, por tal motivo y siguiendo su plan de equilibrio fiscal, consider\u00f3 necesario realizar modificaciones para \u201cevitar que contin\u00fae ensanch\u00e1ndose el desfinanciamiento del sistema\u201d.<\/p>\n<p>La medida cuenta con la firma del Presidente Javier Milei; el jefe de Gabinete, Guillermo Francos; el ministro de Desregulaci\u00f3n y Transformaci\u00f3n del Estado, Federico Sturzenegger; y Luis Caputo, titular de la cartera de Econom\u00eda.<\/p>\n","protected":false},"excerpt":{"rendered":"<p>En medio del conflicto entre el Gobierno -que reglament\u00f3 las Sociedades An\u00f3nimas Deportivas (SAD)- y la Asociaci\u00f3n de F\u00fatbol Argentino<\/p>\n","protected":false},"author":1,"featured_media":19545,"comment_status":"closed","ping_status":"closed","sticky":false,"template":"","format":"standard","meta":{"footnotes":"","jetpack_publicize_message":"","jetpack_publicize_feature_enabled":true,"jetpack_social_post_already_shared":true,"jetpack_social_options":{"image_generator_settings":{"template":"highway","enabled":false},"version":2}},"categories":[4],"tags":[],"class_list":["post-19544","post","type-post","status-publish","format-standard","has-post-thumbnail","hentry","category-nacionales"],"jetpack_publicize_connections":[],"_links":{"self":[{"href":"https:\/\/diariorepublica.com.ar\/web\/index.php\/wp-json\/wp\/v2\/posts\/19544"}],"collection":[{"href":"https:\/\/diariorepublica.com.ar\/web\/index.php\/wp-json\/wp\/v2\/posts"}],"about":[{"href":"https:\/\/diariorepublica.com.ar\/web\/index.php\/wp-json\/wp\/v2\/types\/post"}],"author":[{"embeddable":true,"href":"https:\/\/diariorepublica.com.ar\/web\/index.php\/wp-json\/wp\/v2\/users\/1"}],"replies":[{"embeddable":true,"href":"https:\/\/diariorepublica.com.ar\/web\/index.php\/wp-json\/wp\/v2\/comments?post=19544"}],"version-history":[{"count":1,"href":"https:\/\/diariorepublica.com.ar\/web\/index.php\/wp-json\/wp\/v2\/posts\/19544\/revisions"}],"predecessor-version":[{"id":19546,"href":"https:\/\/diariorepublica.com.ar\/web\/index.php\/wp-json\/wp\/v2\/posts\/19544\/revisions\/19546"}],"wp:featuredmedia":[{"embeddable":true,"href":"https:\/\/diariorepublica.com.ar\/web\/index.php\/wp-json\/wp\/v2\/media\/19545"}],"wp:attachment":[{"href":"https:\/\/diariorepublica.com.ar\/web\/index.php\/wp-json\/wp\/v2\/media?parent=19544"}],"wp:term":[{"taxonomy":"category","embeddable":true,"href":"https:\/\/diariorepublica.com.ar\/web\/index.php\/wp-json\/wp\/v2\/categories?post=19544"},{"taxonomy":"post_tag","embeddable":true,"href":"https:\/\/diariorepublica.com.ar\/web\/index.php\/wp-json\/wp\/v2\/tags?post=19544"}],"curies":[{"name":"wp","href":"https:\/\/api.w.org\/{rel}","templated":true}]}}