{"id":19571,"date":"2024-10-22T08:18:31","date_gmt":"2024-10-22T11:18:31","guid":{"rendered":"https:\/\/diariorepublica.com.ar\/web\/?p=19571"},"modified":"2024-10-22T08:18:33","modified_gmt":"2024-10-22T11:18:33","slug":"atletico-mineiro-vs-river-por-la-copa-libertadores","status":"publish","type":"post","link":"https:\/\/diariorepublica.com.ar\/web\/index.php\/deportes\/2024\/10\/22\/atletico-mineiro-vs-river-por-la-copa-libertadores\/","title":{"rendered":"Atl\u00e9tico Mineiro vs. River, por la Copa Libertadores"},"content":{"rendered":"<p>Este martes, desde las 21:30 horas<b>, visitar\u00e1 al Atl\u00e9tico Mineiro de Gabriel Milito en el estadio Arena do Galo\u00a0<\/b>por el primer duelo de la serie. El Millonario, dirigido por Marcelo Gallardo,\u00a0viene de empatar ante V\u00e9lez, mientras que el equipo brasile\u00f1o acaba de clasificarse a la final de un certamen nacional.<\/p>\n<p>Antes de viajar a Brasil, el elenco del Mu\u00f1eco tuvo una brav\u00edsima parada en la fecha 18 de la Liga Profesional. Debi\u00f3 recibir al Fort\u00edn en el estadio Monumental el pasado viernes con la obligaci\u00f3n de ganar para acortar la diferencia de puntos . Sin embargo,<b>\u00a0el tr\u00e1mite finaliz\u00f3 1-1<\/b>\u00a0gracias a los goles de Braian Romero, que cumpli\u00f3 con la inexorable Ley del Ex, y Miguel \u00c1ngel Borja de penal, quien quebr\u00f3 una racha negativa de un mes sin romper las redes. De esta manera,<b>\u00a0el cuadro de N\u00fa\u00f1ez qued\u00f3 en el 8\u00b0 lugar, a 11 unidades de los de Liniers.<\/b><\/p>\n<p>Aunque se estimaba que iba a poner mayor\u00eda de suplentes, el nacido en Merlo se la jug\u00f3 y mand\u00f3 a la cancha un once bastante titular, que repetir\u00e1 varios nombres, pero cambiar\u00e1 el esquema.\u00a0<b>Gallardo tendr\u00eda decidido apostar por una l\u00ednea de cinco defensores<\/b>, destinada a transformarse en una de tres centrales cada vez que sus hombres pasen al ataque.\u00a0<u>\u00bfQui\u00e9nes ser\u00e1n los int\u00e9rpretes?<\/u>\u00a0<b>Leandro Gonz\u00e1lez Pirez y Paulo D\u00edaz como stoppers y Germ\u00e1n Pezzella de l\u00edbero.<\/b>\u00a0En tanto,\u00a0<b>Fabricio Bustos<\/b>,\u00a0quien viene de superar una lesi\u00f3n en el s\u00f3leo derecho -sufrida en la igualdad 1-1 frente a Platense en Vicente L\u00f3pez-, y\u00a0<b>Marcos Acu\u00f1a<\/b>\u00a0ocupar\u00e1n los carriles.<\/p>\n<p><b>Manuel Lanzini le gan\u00f3 la pulseada<\/b>\u00a0a los j\u00f3venes Franco Mastantuono y Claudio Echeverri y jugar\u00e1 como una especie de enganche, aunque podr\u00eda moverse sobre la izquierda tambi\u00e9n, a modo de volante interno. A su vez, Santiago Sim\u00f3n y Mat\u00edas Kranevitter, a los que el Mu\u00f1eco ponder\u00f3 desde su retorno al banco de suplentes, conformar\u00e1n el tradicional doble cinco que ya es marca registrada.<\/p>\n<p>Ahora bien, hay dos cambios que podr\u00edan modificar el entramado t\u00e1ctico que planea repetir el Mu\u00f1eco, despu\u00e9s de una exitosa prueba en el\u00a0\u00faltimo Supercl\u00e1sico contra Boca, que finaliz\u00f3 con victoria por 1-0.<\/p>\n<p>En primer lugar,<b>\u00a0existe la chance de que Nacho Fern\u00e1ndez integre el mediocampo<\/b>\u00a0y que el exzaguero de Estudiantes de La Plata abandone el once. En ese caso, River jugar\u00eda con un 4-2-3-1, casi id\u00e9ntico a lo que se vio contra V\u00e9lez, a excepci\u00f3n de las salidas del Diablito y Maximiliano Meza.<\/p>\n<p>Por otra parte,\u00a0<b>Miguel \u00c1ngel Borja y Franco Armani arrastran dos amarillas en el lomo<\/b>\u00a0y se perder\u00edan el cruce de vuelta si reciben otra en Belo Horizonte. Si bien es imposible que el Pulpo salga del equipo, no hay que descartar la posibilidad de que el cuerpo t\u00e9cnico resguarde al goleador colombiano por precauci\u00f3n. Si esta remota variante se concreta, entonces Colidio se ubicar\u00e1 de punta y el Millonario pasar\u00e1 a formar un 5-4-1.<\/p>\n<p>Por otro lado, Atl\u00e9tico Mineiro llega con la flecha para arriba. Con un equipo plagado de titulares,\u00a0<b>el Galo empat\u00f3 1-1 frente a Vasco da Gama y avanz\u00f3 a la definici\u00f3n de la Copa de Brasil<\/b>. En el Brasileirao se posiciona en el noveno lugar con 41 puntos, a \u00a120! de Botafogo, el l\u00edder.<\/p>\n<p>El detalle al que debe estar atento River es que\u00a0<b>Hulk -emblema, capit\u00e1n y goleador- sufri\u00f3 una sobrecarga muscular<\/b>\u00a0que lo oblig\u00f3 a abandonar el campo de juego en el \u00faltimo partido. Sin embargo, llev\u00f3 tranquilidad a los hinchas:<i>\u00a0\u201c<b>Fue m\u00e1s bien por precauci\u00f3n, porque ser\u00eda un partido peligroso, con muchos contraataques.<\/b>\u00a0Y el campo estaba muy pesado\u201d.<\/i>\u00a0Hay que destacar que disput\u00f3 42 partidos este a\u00f1o, en los que anot\u00f3 19 goles y 10 asistencias.\u00a0Ser\u00e1 el jugador a anular por la defensa de la Banda.<\/p>\n<ul>\n<li><b><u>Hora<\/u><\/b>: 21:30.<\/li>\n<li><b><u>TV<\/u><\/b>: Fox Sports y Telefe.<\/li>\n<li><b><u>\u00c1rbitro<\/u><\/b>: Jes\u00fas Valenzuela.<\/li>\n<li><b><u>Estadio<\/u><\/b>: Arena do Galo.<\/li>\n<\/ul>\n<p>tycsports.com<\/p>\n","protected":false},"excerpt":{"rendered":"<p>Este martes, desde las 21:30 horas, visitar\u00e1 al Atl\u00e9tico Mineiro de Gabriel Milito en el estadio Arena do Galo\u00a0por el<\/p>\n","protected":false},"author":1,"featured_media":19572,"comment_status":"closed","ping_status":"closed","sticky":false,"template":"","format":"standard","meta":{"footnotes":"","jetpack_publicize_message":"","jetpack_publicize_feature_enabled":true,"jetpack_social_post_already_shared":true,"jetpack_social_options":{"image_generator_settings":{"template":"highway","enabled":false},"version":2}},"categories":[9],"tags":[],"class_list":["post-19571","post","type-post","status-publish","format-standard","has-post-thumbnail","hentry","category-deportes"],"jetpack_publicize_connections":[],"_links":{"self":[{"href":"https:\/\/diariorepublica.com.ar\/web\/index.php\/wp-json\/wp\/v2\/posts\/19571"}],"collection":[{"href":"https:\/\/diariorepublica.com.ar\/web\/index.php\/wp-json\/wp\/v2\/posts"}],"about":[{"href":"https:\/\/diariorepublica.com.ar\/web\/index.php\/wp-json\/wp\/v2\/types\/post"}],"author":[{"embeddable":true,"href":"https:\/\/diariorepublica.com.ar\/web\/index.php\/wp-json\/wp\/v2\/users\/1"}],"replies":[{"embeddable":true,"href":"https:\/\/diariorepublica.com.ar\/web\/index.php\/wp-json\/wp\/v2\/comments?post=19571"}],"version-history":[{"count":1,"href":"https:\/\/diariorepublica.com.ar\/web\/index.php\/wp-json\/wp\/v2\/posts\/19571\/revisions"}],"predecessor-version":[{"id":19573,"href":"https:\/\/diariorepublica.com.ar\/web\/index.php\/wp-json\/wp\/v2\/posts\/19571\/revisions\/19573"}],"wp:featuredmedia":[{"embeddable":true,"href":"https:\/\/diariorepublica.com.ar\/web\/index.php\/wp-json\/wp\/v2\/media\/19572"}],"wp:attachment":[{"href":"https:\/\/diariorepublica.com.ar\/web\/index.php\/wp-json\/wp\/v2\/media?parent=19571"}],"wp:term":[{"taxonomy":"category","embeddable":true,"href":"https:\/\/diariorepublica.com.ar\/web\/index.php\/wp-json\/wp\/v2\/categories?post=19571"},{"taxonomy":"post_tag","embeddable":true,"href":"https:\/\/diariorepublica.com.ar\/web\/index.php\/wp-json\/wp\/v2\/tags?post=19571"}],"curies":[{"name":"wp","href":"https:\/\/api.w.org\/{rel}","templated":true}]}}