{"id":19574,"date":"2024-10-22T11:42:56","date_gmt":"2024-10-22T14:42:56","guid":{"rendered":"https:\/\/diariorepublica.com.ar\/web\/?p=19574"},"modified":"2024-10-22T11:42:58","modified_gmt":"2024-10-22T14:42:58","slug":"federico-sturzenegger-explico-como-funcionara-arca","status":"publish","type":"post","link":"https:\/\/diariorepublica.com.ar\/web\/index.php\/politica\/2024\/10\/22\/federico-sturzenegger-explico-como-funcionara-arca\/","title":{"rendered":"Federico Sturzenegger explic\u00f3 c\u00f3mo funcionar\u00e1 ARCA"},"content":{"rendered":"<article class=\"article-body article-body--first-paragraph content-protected-false\" data-td-script-src=\"https:\/\/www.ambito.com\/td\/modulos\/encuestas\/js\/function-embeds-min-version-1729570070.js\">El ministro de Desregulaci\u00f3n y Transformaci\u00f3n del Estado, Federico Sturzenegger, confirm\u00f3 los cambios en la AFIP y asegur\u00f3 que se est\u00e1 hablando de una reducci\u00f3n de \u00abunos 3000 agentes\u00bb. Adem\u00e1s, tambi\u00e9n adelant\u00f3 cambios sobre el sistema impositivo que aplica a la Asociaci\u00f3n de F\u00fatbol Argentino (AFA).<\/p>\n<\/article>\n<article class=\"article-body article-body--second-paragraph content-protected-false\">En detalle, el funcionario explic\u00f3 que el f\u00fatbol tiene un \u00abr\u00e9gimen previsional especial\u00bb que expirar\u00e1 \u00abdentro de 6 meses a partir de hoy\u00bb. Por \u00faltimo, sobre el conflicto universitario, Sturzenegger fue tajante y sentenci\u00f3: \u00abNo esta en juego el no arancelamiento de las universidades. No esta en discusi\u00f3n\u00bb.<\/p>\n<p>\u00abEstamos en un proceso de\u00a0<strong>racionalizaci\u00f3n del Estado<\/strong>, lo hemos dicho millones de veces que cada gasto que el gobierno hace es un impuesto al contribuyente que tiene que pagarse ya sea en\u00a0<strong>impuesto inflacionario o en impuestos.\u00a0<\/strong>Cada\u00a0<strong>reducci\u00f3n de gastos es un alivio<\/strong>.\u00bb, explic\u00f3 Sturzenegger en declaraciones radiales.<\/p>\n<p>En esta l\u00ednea, el ministro asegur\u00f3 que el recorte llevado a cabo en AFIP abarca, aproximadamente, unos \u00ab3000\u00bb agentes. \u00ab<strong>Es un 15% de la planta, de una de las organizaciones del sector p\u00fablico que mas tiene<\/strong>\u00ab, ahond\u00f3 el funcionario.<\/p>\n<p>Sobre los empleados que ser\u00e1n desvinculados de la administraci\u00f3n y sus vinculaciones partidarias, el ministro analiz\u00f3: \u00abEs una cosa muy loca porque la Constituci\u00f3n le da estabilidad al empleado p\u00fablico, justamente para evitar el uso pol\u00edtico del empleo p\u00fablico. Pero en Argentina todo se da vuelta. O el kirchnerismo pervierte todas las reglas.\u00a0<strong>Ellos los que hicieron es, cuando se esta por ir, ponen a la gente en planta. Y dicen \u2018 ah bueno pero la gente tiene estabilidad<\/strong>&#8216;\u00bb<\/p>\n<p>En detalle, Sturzenegger asegur\u00f3 que los\u00a0nuevos cambios no son \u00abuna medida tributaria\u00bb. Adem\u00e1s, el funcionario tambi\u00e9n agreg\u00f3: \u00abLa\u00a0<strong>eficientizaci\u00f3n y la menor evasi\u00f3n<\/strong>\u00a0es producto de la gesti\u00f3n que hacemos todos los d\u00edas\u00bb.<\/p>\n<p>Por \u00faltimo, el encargado de la cartera de desregulaci\u00f3n afirm\u00f3 que el trabajo del Gobierno contin\u00faa en la l\u00ednea de eliminar \u00abpeajes\u00bb y trabas burocr\u00e1ticas. \u201cHay una resoluci\u00f3n que dice, cuando vos importas algo,\u00a0<strong>para liberar el contenedor tiene que haber un veedor de la industria local de ese bien<\/strong>\u201d, ejemplific\u00f3 Sturzenegger qui\u00e9n luego agreg\u00f3: \u201c<strong>Todo terminaba siendo costos, sobre costos,<\/strong>\u00a0oportunidades de corrupci\u00f3n, o un\u00a0<strong>proteccionismo solapado\u00a0<\/strong>a ciertas industrias\u201d.<\/p>\n<p>\u00abLa agenda mas fuerte\u00a0<strong>anticorrupci\u00f3n es la agenda de simplificaci\u00f3n y desregulaci\u00f3n<\/strong>\u00ab, concluy\u00f3 el ministro.<\/p>\n<\/article>\n","protected":false},"excerpt":{"rendered":"<p>El ministro de Desregulaci\u00f3n y Transformaci\u00f3n del Estado, Federico Sturzenegger, confirm\u00f3 los cambios en la AFIP y asegur\u00f3 que se<\/p>\n","protected":false},"author":1,"featured_media":19575,"comment_status":"closed","ping_status":"closed","sticky":false,"template":"","format":"standard","meta":{"footnotes":"","jetpack_publicize_message":"","jetpack_publicize_feature_enabled":true,"jetpack_social_post_already_shared":true,"jetpack_social_options":{"image_generator_settings":{"template":"highway","enabled":false},"version":2}},"categories":[12],"tags":[],"class_list":["post-19574","post","type-post","status-publish","format-standard","has-post-thumbnail","hentry","category-politica"],"jetpack_publicize_connections":[],"_links":{"self":[{"href":"https:\/\/diariorepublica.com.ar\/web\/index.php\/wp-json\/wp\/v2\/posts\/19574"}],"collection":[{"href":"https:\/\/diariorepublica.com.ar\/web\/index.php\/wp-json\/wp\/v2\/posts"}],"about":[{"href":"https:\/\/diariorepublica.com.ar\/web\/index.php\/wp-json\/wp\/v2\/types\/post"}],"author":[{"embeddable":true,"href":"https:\/\/diariorepublica.com.ar\/web\/index.php\/wp-json\/wp\/v2\/users\/1"}],"replies":[{"embeddable":true,"href":"https:\/\/diariorepublica.com.ar\/web\/index.php\/wp-json\/wp\/v2\/comments?post=19574"}],"version-history":[{"count":1,"href":"https:\/\/diariorepublica.com.ar\/web\/index.php\/wp-json\/wp\/v2\/posts\/19574\/revisions"}],"predecessor-version":[{"id":19576,"href":"https:\/\/diariorepublica.com.ar\/web\/index.php\/wp-json\/wp\/v2\/posts\/19574\/revisions\/19576"}],"wp:featuredmedia":[{"embeddable":true,"href":"https:\/\/diariorepublica.com.ar\/web\/index.php\/wp-json\/wp\/v2\/media\/19575"}],"wp:attachment":[{"href":"https:\/\/diariorepublica.com.ar\/web\/index.php\/wp-json\/wp\/v2\/media?parent=19574"}],"wp:term":[{"taxonomy":"category","embeddable":true,"href":"https:\/\/diariorepublica.com.ar\/web\/index.php\/wp-json\/wp\/v2\/categories?post=19574"},{"taxonomy":"post_tag","embeddable":true,"href":"https:\/\/diariorepublica.com.ar\/web\/index.php\/wp-json\/wp\/v2\/tags?post=19574"}],"curies":[{"name":"wp","href":"https:\/\/api.w.org\/{rel}","templated":true}]}}