{"id":19577,"date":"2024-10-23T08:12:29","date_gmt":"2024-10-23T11:12:29","guid":{"rendered":"https:\/\/diariorepublica.com.ar\/web\/?p=19577"},"modified":"2024-10-23T08:12:31","modified_gmt":"2024-10-23T11:12:31","slug":"administracion-publica-aumento-del-4-y-actualizacion-mensual","status":"publish","type":"post","link":"https:\/\/diariorepublica.com.ar\/web\/index.php\/locales\/2024\/10\/23\/administracion-publica-aumento-del-4-y-actualizacion-mensual\/","title":{"rendered":"Administraci\u00f3n P\u00fablica: aumento del 4% y actualizaci\u00f3n mensual"},"content":{"rendered":"<div class=\"data\">\n<div class=\"inner-share-bar cf\">\n<div class=\"item\"><\/div>\n<div class=\"item\"><\/div>\n<div class=\"item\"><\/div>\n<\/div>\n<\/div>\n<div class=\"txt_contenido\">\n<p>El gobernador Ra\u00fal Jalil, acompa\u00f1ado de la ministra de Trabajo, Planificaci\u00f3n y Recursos Humanos, Ver\u00f3nica Soria, mantuvo una nueva reuni\u00f3n con los representantes de los gremios estatales UPCN, ATE, ATSA y Vialidad, en la cual se acord\u00f3 implementar una cl\u00e1usula gatillo mensual a partir del mes de octubre.<\/p>\n<p>Esta medida reemplazar\u00e1 la cl\u00e1usula bimestral previamente pactada, permitiendo que los incrementos salariales para todos los trabajadores p\u00fablicos se ajusten mensualmente, teniendo en cuenta la inflaci\u00f3n del \u00faltimo mes.<\/p>\n<p>Asimismo, se confirm\u00f3 un incremento salarial del 4% con el sueldo de octubre (a percibir los primeros d\u00edas de noviembre) que se compone por el 3,5% de inflaci\u00f3n de septiembre y un 0,5% que se adiciona por encima de la inflaci\u00f3n.<\/p>\n<p>Este aumento del 4% y el ajuste salarial mensual tambi\u00e9n incluye a los docentes.<\/p>\n<p>Se debe remarcar que, al mes de septiembre, el incremento de la pauta salarial general de los trabajadores p\u00fablicos de Catamarca ha superado la inflaci\u00f3n general del 2024.<\/p>\n<p>En el di\u00e1logo, tanto las autoridades provinciales como gremiales destacaron la importancia del One Shot en la econom\u00eda de los catamarque\u00f1os. La promoci\u00f3n representa un retorno de $80.000 mensuales a cada beneficiario y por parte del Gobierno provincial una inversi\u00f3n cercana a los $2.000 millones.<\/p>\n<p>Dicha inversi\u00f3n de la Provincia ha crecido significativamente desde el mes de junio, donde se invert\u00edan $275 millones, mientras que en septiembre \u00faltimo se invirtieron casi $2.000 millones que van directo al bolsillo de los catamarque\u00f1os.<\/p>\n<p>Estuvieron presentes en la reuni\u00f3n Claudia Espeche (UPCN), Ricardo Ar\u00e9valo (ATE), Nelson Guti\u00e9rrez (ATSA) y Rolando Rivero (Vialidad Provincial).<\/p>\n<\/div>\n","protected":false},"excerpt":{"rendered":"<p>El gobernador Ra\u00fal Jalil, acompa\u00f1ado de la ministra de Trabajo, Planificaci\u00f3n y Recursos Humanos, Ver\u00f3nica Soria, mantuvo una nueva reuni\u00f3n<\/p>\n","protected":false},"author":1,"featured_media":19578,"comment_status":"closed","ping_status":"closed","sticky":false,"template":"","format":"standard","meta":{"footnotes":"","jetpack_publicize_message":"","jetpack_publicize_feature_enabled":true,"jetpack_social_post_already_shared":true,"jetpack_social_options":{"image_generator_settings":{"template":"highway","enabled":false},"version":2}},"categories":[2],"tags":[],"class_list":["post-19577","post","type-post","status-publish","format-standard","has-post-thumbnail","hentry","category-locales"],"jetpack_publicize_connections":[],"_links":{"self":[{"href":"https:\/\/diariorepublica.com.ar\/web\/index.php\/wp-json\/wp\/v2\/posts\/19577"}],"collection":[{"href":"https:\/\/diariorepublica.com.ar\/web\/index.php\/wp-json\/wp\/v2\/posts"}],"about":[{"href":"https:\/\/diariorepublica.com.ar\/web\/index.php\/wp-json\/wp\/v2\/types\/post"}],"author":[{"embeddable":true,"href":"https:\/\/diariorepublica.com.ar\/web\/index.php\/wp-json\/wp\/v2\/users\/1"}],"replies":[{"embeddable":true,"href":"https:\/\/diariorepublica.com.ar\/web\/index.php\/wp-json\/wp\/v2\/comments?post=19577"}],"version-history":[{"count":1,"href":"https:\/\/diariorepublica.com.ar\/web\/index.php\/wp-json\/wp\/v2\/posts\/19577\/revisions"}],"predecessor-version":[{"id":19579,"href":"https:\/\/diariorepublica.com.ar\/web\/index.php\/wp-json\/wp\/v2\/posts\/19577\/revisions\/19579"}],"wp:featuredmedia":[{"embeddable":true,"href":"https:\/\/diariorepublica.com.ar\/web\/index.php\/wp-json\/wp\/v2\/media\/19578"}],"wp:attachment":[{"href":"https:\/\/diariorepublica.com.ar\/web\/index.php\/wp-json\/wp\/v2\/media?parent=19577"}],"wp:term":[{"taxonomy":"category","embeddable":true,"href":"https:\/\/diariorepublica.com.ar\/web\/index.php\/wp-json\/wp\/v2\/categories?post=19577"},{"taxonomy":"post_tag","embeddable":true,"href":"https:\/\/diariorepublica.com.ar\/web\/index.php\/wp-json\/wp\/v2\/tags?post=19577"}],"curies":[{"name":"wp","href":"https:\/\/api.w.org\/{rel}","templated":true}]}}