{"id":19589,"date":"2024-10-23T08:36:06","date_gmt":"2024-10-23T11:36:06","guid":{"rendered":"https:\/\/diariorepublica.com.ar\/web\/?p=19589"},"modified":"2024-10-23T08:36:08","modified_gmt":"2024-10-23T11:36:08","slug":"el-gobierno-insta-a-los-empleados-publicos-que-cumplan-con-los-requisitos-a-iniciar-el-tramite-de-jubilacion","status":"publish","type":"post","link":"https:\/\/diariorepublica.com.ar\/web\/index.php\/nacionales\/2024\/10\/23\/el-gobierno-insta-a-los-empleados-publicos-que-cumplan-con-los-requisitos-a-iniciar-el-tramite-de-jubilacion\/","title":{"rendered":"El Gobierno insta a los empleados p\u00fablicos que cumplan con los requisitos a iniciar el tr\u00e1mite de jubilaci\u00f3n"},"content":{"rendered":"<p>En l\u00ednea con su plan de reducci\u00f3n del Estado, el Ministerio de Desregulaci\u00f3n y Transformaci\u00f3n encabezado por Federico Sturzenegger insta a que los empleados p\u00fablicos que cumplan con los requisitos de edad inicien los tr\u00e1mites de jubilaci\u00f3n en un plazo m\u00e1ximo de 30 d\u00edas. La medida, plasmada en la resoluci\u00f3n 3\/2024 y publicada este mi\u00e9rcoles en el Bolet\u00edn Oficial, apunta a \u201coptimizar los recursos\u201d del sector estatal.<\/p>\n<p>De acuerdo al art\u00edculo 19 de la Ley Nacional del Sistema Integrado de Jubilaciones y Pensiones N\u00b0 24.241, las personas que tendr\u00e1n que iniciar el proceso ser\u00e1n los \u201chombres que hubieran cumplido 65 a\u00f1os, mujeres que hubieran cumplido 60 a\u00f1os, y quienes acrediten 30 a\u00f1os de servicios con aportes computables en uno o m\u00e1s reg\u00edmenes comprendidos en el sistema de reciprocidad\u201d.<\/p>\n<p class=\"com-paragraph   --s\">Si bien no est\u00e1n bajo el alcance de la normativa, en el articulado<strong>\u00a0recomiendan \u201cimplementar la presente medida a las entidades previstas en el inciso \u201cb\u201d del art\u00edculo 8\u00b0 de la Ley de Administraci\u00f3n Financiera y de los Sistemas de Control del Sector P\u00fablico Nacional\u201d<\/strong>, entre las que se cuentan a \u201c<strong>Empresas del Estado, las Sociedades del Estado<\/strong>, las Sociedades An\u00f3nimas con Participaci\u00f3n Estatal Mayoritaria, las Sociedades de Econom\u00eda Mixta y todas aquellas otras organizaciones empresariales donde el Estado nacional tenga participaci\u00f3n mayoritaria en el capital o en la formaci\u00f3n de las decisiones societarias\u201d.<\/p>\n<p class=\"com-paragraph   --s\">En este contexto, el personal afectado por esta disposici\u00f3n deber\u00e1 acogerse a la jubilaci\u00f3n, aunque est\u00e1 prevista una excepci\u00f3n para aquellas personas que ocupan cargos ejecutivos de nivel Coordinador, as\u00ed como para \u201clos titulares de cargos equivalentes en las estructuras org\u00e1nico funcionales vigentes, cualquiera fuera el r\u00e9gimen laboral y convencional aplicable al personal de cada Jurisdicci\u00f3n y Entidad\u201d.<\/p>\n","protected":false},"excerpt":{"rendered":"<p>En l\u00ednea con su plan de reducci\u00f3n del Estado, el Ministerio de Desregulaci\u00f3n y Transformaci\u00f3n encabezado por Federico Sturzenegger insta<\/p>\n","protected":false},"author":1,"featured_media":19590,"comment_status":"closed","ping_status":"closed","sticky":false,"template":"","format":"standard","meta":{"footnotes":"","jetpack_publicize_message":"","jetpack_publicize_feature_enabled":true,"jetpack_social_post_already_shared":true,"jetpack_social_options":{"image_generator_settings":{"template":"highway","enabled":false},"version":2}},"categories":[4],"tags":[],"class_list":["post-19589","post","type-post","status-publish","format-standard","has-post-thumbnail","hentry","category-nacionales"],"jetpack_publicize_connections":[],"_links":{"self":[{"href":"https:\/\/diariorepublica.com.ar\/web\/index.php\/wp-json\/wp\/v2\/posts\/19589"}],"collection":[{"href":"https:\/\/diariorepublica.com.ar\/web\/index.php\/wp-json\/wp\/v2\/posts"}],"about":[{"href":"https:\/\/diariorepublica.com.ar\/web\/index.php\/wp-json\/wp\/v2\/types\/post"}],"author":[{"embeddable":true,"href":"https:\/\/diariorepublica.com.ar\/web\/index.php\/wp-json\/wp\/v2\/users\/1"}],"replies":[{"embeddable":true,"href":"https:\/\/diariorepublica.com.ar\/web\/index.php\/wp-json\/wp\/v2\/comments?post=19589"}],"version-history":[{"count":1,"href":"https:\/\/diariorepublica.com.ar\/web\/index.php\/wp-json\/wp\/v2\/posts\/19589\/revisions"}],"predecessor-version":[{"id":19591,"href":"https:\/\/diariorepublica.com.ar\/web\/index.php\/wp-json\/wp\/v2\/posts\/19589\/revisions\/19591"}],"wp:featuredmedia":[{"embeddable":true,"href":"https:\/\/diariorepublica.com.ar\/web\/index.php\/wp-json\/wp\/v2\/media\/19590"}],"wp:attachment":[{"href":"https:\/\/diariorepublica.com.ar\/web\/index.php\/wp-json\/wp\/v2\/media?parent=19589"}],"wp:term":[{"taxonomy":"category","embeddable":true,"href":"https:\/\/diariorepublica.com.ar\/web\/index.php\/wp-json\/wp\/v2\/categories?post=19589"},{"taxonomy":"post_tag","embeddable":true,"href":"https:\/\/diariorepublica.com.ar\/web\/index.php\/wp-json\/wp\/v2\/tags?post=19589"}],"curies":[{"name":"wp","href":"https:\/\/api.w.org\/{rel}","templated":true}]}}