{"id":19640,"date":"2024-10-25T07:49:10","date_gmt":"2024-10-25T10:49:10","guid":{"rendered":"https:\/\/diariorepublica.com.ar\/web\/?p=19640"},"modified":"2024-10-25T07:49:12","modified_gmt":"2024-10-25T10:49:12","slug":"liga-profesional-barracas-central-vs-estudiantes-desde-las-1500hs","status":"publish","type":"post","link":"https:\/\/diariorepublica.com.ar\/web\/index.php\/deportes\/2024\/10\/25\/liga-profesional-barracas-central-vs-estudiantes-desde-las-1500hs\/","title":{"rendered":"Liga Profesional: Barracas Central vs. Estudiantes desde las 15:00hs"},"content":{"rendered":"<p>Barracas Central y Estudiantes jugar\u00e1n este viernes, desde las 15 en el Estadio Guillermo Laza, en el marco de la fecha 19 de la Liga Profesional, donde el Pincha quiere seguir por la senda de la victoria luego de haber conseguido tres triunfos seguidos tras haber estado seis sin ganar. Enfrente, el Guapo busca salir del fondo de la tabla<\/p>\n<p><b>El Pincha logr\u00f3 alejarse de un presente m\u00e1s que preocupante.\u00a0<\/b>Hac\u00eda seis partidos seguidos que no ganaba y, sumado a las eliminaciones en Copa Libertadores y Argentina, la continuidad de su DT se puso en duda. Sin embargo, en la fecha 16 logr\u00f3 una victoria por la m\u00ednima ante Defensa y Justicia y desde all\u00ed est\u00e1 imparable: derrot\u00f3 2-1 a Banfield en la 17 y viene de vencer 3-2 a Instituto en su \u00faltima presentaci\u00f3n.\u00a0<b>Marcha 10\u00ba, con 26 unidades.<\/b><\/p>\n<p>Por su parte,\u00a0<b>el conjunto dirigido por Rub\u00e9n Dar\u00edo Ins\u00faa no viene bien: de los \u00faltimos 17 partidos en el torneo tan solo gan\u00f3 uno<\/b>. Cay\u00f3 en diez e igual\u00f3 en los seis restantes. Viene de caer por la m\u00ednima ante San Lorenzo en lo que fue el reencuentro de Ins\u00faa con la gente del Cicl\u00f3n. Antes de ese encuentro, hab\u00eda igualado 1-1 ante Independiente Rivadavia y cay\u00f3 2-1 frente a Central C\u00f3rdoba en Santiago del Estero.\u00a0<b>Se ubica en la \u00faltima posici\u00f3n de la tabla con apenas 12 puntos.<\/b><\/p>\n<ul>\n<li>Hora: 15.00<\/li>\n<li>TV: ESPN Premium<\/li>\n<li>\u00c1rbitro: Ariel Penel<\/li>\n<li>VAR: Nazareno Arasa<\/li>\n<li>Estadio: Guillermo Laza (Riestra)<\/li>\n<li>tycsports.com<\/li>\n<\/ul>\n","protected":false},"excerpt":{"rendered":"<p>Barracas Central y Estudiantes jugar\u00e1n este viernes, desde las 15 en el Estadio Guillermo Laza, en el marco de la<\/p>\n","protected":false},"author":1,"featured_media":19641,"comment_status":"closed","ping_status":"closed","sticky":false,"template":"","format":"standard","meta":{"footnotes":"","jetpack_publicize_message":"","jetpack_publicize_feature_enabled":true,"jetpack_social_post_already_shared":true,"jetpack_social_options":{"image_generator_settings":{"template":"highway","enabled":false},"version":2}},"categories":[9],"tags":[],"class_list":["post-19640","post","type-post","status-publish","format-standard","has-post-thumbnail","hentry","category-deportes"],"jetpack_publicize_connections":[],"_links":{"self":[{"href":"https:\/\/diariorepublica.com.ar\/web\/index.php\/wp-json\/wp\/v2\/posts\/19640"}],"collection":[{"href":"https:\/\/diariorepublica.com.ar\/web\/index.php\/wp-json\/wp\/v2\/posts"}],"about":[{"href":"https:\/\/diariorepublica.com.ar\/web\/index.php\/wp-json\/wp\/v2\/types\/post"}],"author":[{"embeddable":true,"href":"https:\/\/diariorepublica.com.ar\/web\/index.php\/wp-json\/wp\/v2\/users\/1"}],"replies":[{"embeddable":true,"href":"https:\/\/diariorepublica.com.ar\/web\/index.php\/wp-json\/wp\/v2\/comments?post=19640"}],"version-history":[{"count":1,"href":"https:\/\/diariorepublica.com.ar\/web\/index.php\/wp-json\/wp\/v2\/posts\/19640\/revisions"}],"predecessor-version":[{"id":19642,"href":"https:\/\/diariorepublica.com.ar\/web\/index.php\/wp-json\/wp\/v2\/posts\/19640\/revisions\/19642"}],"wp:featuredmedia":[{"embeddable":true,"href":"https:\/\/diariorepublica.com.ar\/web\/index.php\/wp-json\/wp\/v2\/media\/19641"}],"wp:attachment":[{"href":"https:\/\/diariorepublica.com.ar\/web\/index.php\/wp-json\/wp\/v2\/media?parent=19640"}],"wp:term":[{"taxonomy":"category","embeddable":true,"href":"https:\/\/diariorepublica.com.ar\/web\/index.php\/wp-json\/wp\/v2\/categories?post=19640"},{"taxonomy":"post_tag","embeddable":true,"href":"https:\/\/diariorepublica.com.ar\/web\/index.php\/wp-json\/wp\/v2\/tags?post=19640"}],"curies":[{"name":"wp","href":"https:\/\/api.w.org\/{rel}","templated":true}]}}