{"id":1966,"date":"2023-04-25T08:35:00","date_gmt":"2023-04-25T11:35:00","guid":{"rendered":"https:\/\/diariorepublica.com.ar\/web\/?p=1966"},"modified":"2023-04-25T07:58:27","modified_gmt":"2023-04-25T10:58:27","slug":"un-juez-ordeno-que-tres-adolescentes-dejen-de-hacer-bullying-a-un-companero-escolar","status":"publish","type":"post","link":"https:\/\/diariorepublica.com.ar\/web\/index.php\/nacionales\/2023\/04\/25\/un-juez-ordeno-que-tres-adolescentes-dejen-de-hacer-bullying-a-un-companero-escolar\/","title":{"rendered":"Un juez orden\u00f3 que tres adolescentes dejen de hacer bullying a un compa\u00f1ero escolar"},"content":{"rendered":"<p>Con el objetivo primordial de ponerle un\u00a0<strong>freno al\u00a0bullying<\/strong>, un juez de paz de la localidad correntina de\u00a0<strong>Paso de La Patria<\/strong>\u00a0le orden\u00f3 a tres adolescentes a\u00a0<strong>abstenerse de agredir f\u00edsica y verbalmente a un compa\u00f1ero<\/strong>. Tambi\u00e9n, dispuso de un\u00a0<strong>tratamiento psicol\u00f3gico<\/strong>\u00a0para los implicados.<\/p>\n<p>Todo comenz\u00f3 cuando la madre de la v\u00edctima llev\u00f3 a cabo una denuncia en el juzgado de paz por notar \u00ab<strong>alterado y angustiado<\/strong>\u00bb a su hijo quien, adem\u00e1s, sufr\u00eda de\u00a0<strong>ataques de ansiedad<\/strong>\u00a0por el \u00ab<strong>constante acoso<\/strong>\u00bb de los tres alumnos a lo largo de muchos a\u00f1os.<\/p>\n<p>Luego de ello, se inici\u00f3 una\u00a0<strong>investigaci\u00f3n<\/strong>\u00a0y se le realiz\u00f3 una\u00a0<strong>entrevista psicol\u00f3gica<\/strong>\u00a0al adolescente, quien confes\u00f3 que sufr\u00eda\u00a0<strong>molestias permanentes y agresiones dentro y fuera del establecimiento<\/strong>\u00a0por parte de estos tres compa\u00f1eros.<\/p>\n<p>El expediente judicial detalla, principalmente, que dichos alumnos \u00ab<strong>se burlan de \u00e9l<\/strong>\u00bb y que uno en especial \u00ab<strong>lo golpea en la nuca<\/strong>\u00ab. Adem\u00e1s, precisa que los ataques no ocurren solamente dentro del establecimiento, sino \u00ab<strong>fuera cuando asiste a educaci\u00f3n f\u00edsica<\/strong>\u00ab.<\/p>\n<p>\u00ab<strong>Siempre les digo que me dejen de molestar, pero no entienden<\/strong>. Yo me contengo, le di aviso a la preceptora y a una docente que intervinieron,\u00a0<strong>pero a\u00fan as\u00ed me siguen molestando<\/strong>\u00ab, relat\u00f3 en carne propio el adolescente.<\/p>\n<p>Frente a esta pol\u00e9mica situaci\u00f3n, el juez de paz,\u00a0<strong>Hugo Alejandro S\u00e1nchez Mart\u00ednez<\/strong>, dispuso que, en primera medida, \u00ab<strong>dejen de intimidar, excluir y marginar a un compa\u00f1ero por cualquier medio y en todo lugar<\/strong>\u00ab. Y como segunda medida, que los tres alumnos inicien un\u00a0<strong>tratamiento psicol\u00f3gico<\/strong>.<\/p>\n<p>\u00abComo parte de las medidas se dio intervenci\u00f3n a la Direcci\u00f3n de Protecci\u00f3n de la Ni\u00f1ez y Adolescencia de la provincia de Corrientes y\u00a0<strong>las actuaciones fueron enviadas al juzgado de Familia, Ni\u00f1ez y Adolescencia en turno<\/strong>\u00ab, concluy\u00f3 el expediente judicial.<\/p>\n","protected":false},"excerpt":{"rendered":"<p>Con el objetivo primordial de ponerle un\u00a0freno al\u00a0bullying, un juez de paz de la localidad correntina de\u00a0Paso de La Patria\u00a0le<\/p>\n","protected":false},"author":1,"featured_media":1967,"comment_status":"closed","ping_status":"closed","sticky":false,"template":"","format":"standard","meta":{"footnotes":"","jetpack_publicize_message":"","jetpack_publicize_feature_enabled":true,"jetpack_social_post_already_shared":false,"jetpack_social_options":{"image_generator_settings":{"template":"highway","enabled":false},"version":2}},"categories":[4],"tags":[],"class_list":["post-1966","post","type-post","status-publish","format-standard","has-post-thumbnail","hentry","category-nacionales"],"jetpack_publicize_connections":[],"_links":{"self":[{"href":"https:\/\/diariorepublica.com.ar\/web\/index.php\/wp-json\/wp\/v2\/posts\/1966"}],"collection":[{"href":"https:\/\/diariorepublica.com.ar\/web\/index.php\/wp-json\/wp\/v2\/posts"}],"about":[{"href":"https:\/\/diariorepublica.com.ar\/web\/index.php\/wp-json\/wp\/v2\/types\/post"}],"author":[{"embeddable":true,"href":"https:\/\/diariorepublica.com.ar\/web\/index.php\/wp-json\/wp\/v2\/users\/1"}],"replies":[{"embeddable":true,"href":"https:\/\/diariorepublica.com.ar\/web\/index.php\/wp-json\/wp\/v2\/comments?post=1966"}],"version-history":[{"count":1,"href":"https:\/\/diariorepublica.com.ar\/web\/index.php\/wp-json\/wp\/v2\/posts\/1966\/revisions"}],"predecessor-version":[{"id":1968,"href":"https:\/\/diariorepublica.com.ar\/web\/index.php\/wp-json\/wp\/v2\/posts\/1966\/revisions\/1968"}],"wp:featuredmedia":[{"embeddable":true,"href":"https:\/\/diariorepublica.com.ar\/web\/index.php\/wp-json\/wp\/v2\/media\/1967"}],"wp:attachment":[{"href":"https:\/\/diariorepublica.com.ar\/web\/index.php\/wp-json\/wp\/v2\/media?parent=1966"}],"wp:term":[{"taxonomy":"category","embeddable":true,"href":"https:\/\/diariorepublica.com.ar\/web\/index.php\/wp-json\/wp\/v2\/categories?post=1966"},{"taxonomy":"post_tag","embeddable":true,"href":"https:\/\/diariorepublica.com.ar\/web\/index.php\/wp-json\/wp\/v2\/tags?post=1966"}],"curies":[{"name":"wp","href":"https:\/\/api.w.org\/{rel}","templated":true}]}}