{"id":19676,"date":"2024-10-28T01:30:00","date_gmt":"2024-10-28T04:30:00","guid":{"rendered":"https:\/\/diariorepublica.com.ar\/web\/?p=19676"},"modified":"2024-10-28T07:31:46","modified_gmt":"2024-10-28T10:31:46","slug":"francos-sobre-el-presupuesto-2025-no-preocupa-la-no-aprobacion-aunque-seria-una-senal-positiva-que-los-actores-se-pongan-de-acuerdo","status":"publish","type":"post","link":"https:\/\/diariorepublica.com.ar\/web\/index.php\/politica\/2024\/10\/28\/francos-sobre-el-presupuesto-2025-no-preocupa-la-no-aprobacion-aunque-seria-una-senal-positiva-que-los-actores-se-pongan-de-acuerdo\/","title":{"rendered":"Francos, sobre el Presupuesto 2025: \u00abNo preocupa la no aprobaci\u00f3n, aunque ser\u00eda una se\u00f1al positiva que los actores se pongan de acuerdo\u00bb"},"content":{"rendered":"<p>El jefe de Gabinete\u00a0<strong>Guillermo Francos<\/strong>\u00a0asegur\u00f3 que al Gobierno no le preocupa el potencial rechazo del Presupuesto 2025, aunque remarc\u00f3 que \u201cser\u00eda una se\u00f1al muy positiva para la Argentina que los actores pol\u00edticos se pongan de acuerdo\u201d.<\/p>\n<p>\u201cEs una ley fundamental y tiene normas de gran significaci\u00f3n como la del equilibrio fiscal. Esperamos que se apruebe\u201d, afirm\u00f3 en una entrevista a Radio Rivadavia, y agreg\u00f3: \u201cSer\u00eda negativo dar la se\u00f1al de que no somos capaces de tratar un Presupuesto, pero en el caso que eso pasara,<strong>\u00a0nos manejaremos con los valores actualizados del presupuesto del 2023,<\/strong>\u00a0que genera mucho m\u00e1s discrecionalidad para el Gobierno que si se sancionara un presupuesto para el 2025\u201d.<\/p>\n<p>Asimismo, el jefe de Gabinete revel\u00f3 la existencia de varias conversaciones con gobernadores y diputados, y destac\u00f3 la tarea de la Comisi\u00f3n de Presupuestos de Hacienda, en conjunto con el Senado. \u201cDa la sensaci\u00f3n que se ha ido avanzando bastante bien\u201d, sostuvo.<\/p>\n<p>\u201cEl Presidente se ha reunido en una semana con 10 gobernadores diferentes, con lo cual se ha avanzado mucho en los an\u00e1lisis pol\u00edticos de las partidas presupuestarias.<strong>\u00a0En t\u00e9rminos positivos, todos vemos la voluntad de poder llevarlo adelante<\/strong>\u201d, insisti\u00f3.<\/p>\n<p>En otro pasaje de la entrevista con el periodista<i>\u00a0Ignacio Ortelli<\/i>\u00a0para el programa<i>\u00a0Si Pasa, Pasa,\u00a0<\/i>Francos habl\u00f3 de las posibilidades de trazar un armado electoral entre el PRO y La Libertad Avanza, con electorado com\u00fan, de cara a las legislativas del 2025.<\/p>\n<p>\u201cEl presidente Milei gan\u00f3 la elecci\u00f3n porque la f\u00f3rmula del PRO y Macri lo apoyaron expresamente para la segunda vuelta electoral. Est\u00e1 claro que hay un electorado com\u00fan\u201d, admiti\u00f3 el funcionario al tiempo que vaticin\u00f3 que para el a\u00f1o 2025, el espacio libertario \u201cva a hacer\u00a0<strong>una gran elecci\u00f3n\u201d.<\/strong><\/p>\n<p>El titular de ministros asegur\u00f3 que el bloque violeta crecer\u00e1 en la C\u00e1mara de Diputados, que renueva la mitad de las bancas, debido a que ser\u00e1 de los pocos espacios que no perder\u00e1 legisladores. \u201cPierden todos partidos, quiere decir que todo lo que obtengamos como diputados va a llevar a incrementar nuestro bloque que lo va a convertir seguramente en el bloque m\u00e1s numeroso de la C\u00e1mara de Diputados\u201d, argument\u00f3.<\/p>\n<p>Pese a las intenciones del Poder Ejecutivo, y en las v\u00edsperas del a\u00f1o electoral que se avecina, Francos admiti\u00f3 que no est\u00e1n las voluntades en el Congreso para avanzar en eliminar las Primarias, Abiertas, Simult\u00e1neas y Obligatorias (PASO). \u201cNo lo vamos a hacer solos. Seguiremos tratando de convencer, pero tenemos la sensaci\u00f3n de que en este momento no nos dan los n\u00fameros para poder modificar el sistema\u201d, plante\u00f3.<\/p>\n<p>Por otro lado, reiter\u00f3 la necesidad de la Sindicatura General de la Naci\u00f3n (SIGEN) audite las universidades nacionales al sostener que \u201cc<strong>uando el Estado pone los recursos, el Estado los tiene que auditar\u201d<\/strong>, y rechaz\u00f3 la resistencia de la Universidad Nacional de Buenos Aires (UBA).<\/p>\n<p><strong>\u201cNo veo una imposibilidad jur\u00eddica de que una universidad que es del Estado no pueda ser auditada por la Sindicatura General de la Naci\u00f3n.<\/strong>\u00a0Est\u00e1 entre el capricho y la intenci\u00f3n de ocultar los gastos\u201d, plante\u00f3, y complet\u00f3: \u201c<strong>Todos sabemos que hay gastos en la universidad que se utilizan pol\u00edticamente\u201d.<\/strong><\/p>\n<p>Por \u00faltimo, el jefe de Gabinete evit\u00f3 definirse sobre el cambio en la Constituci\u00f3n de la provincia de Formosa, impulsada por el gobernador\u00a0<strong>Gildo Insfr\u00e1n,<\/strong>\u00a0y revel\u00f3 que hay expectativas para\u00a0la posible vuelta de la F\u00f3rmula 1 a la Argentina.<strong>\u00a0\u201cSe ha estado conversando bastante, no hay una definici\u00f3n concreta. Haremos lo posible\u201d,\u00a0<\/strong>concluy\u00f3.<\/p>\n<p>NA<\/p>\n","protected":false},"excerpt":{"rendered":"<p>El jefe de Gabinete\u00a0Guillermo Francos\u00a0asegur\u00f3 que al Gobierno no le preocupa el potencial rechazo del Presupuesto 2025, aunque remarc\u00f3 que<\/p>\n","protected":false},"author":1,"featured_media":19677,"comment_status":"closed","ping_status":"closed","sticky":false,"template":"","format":"standard","meta":{"footnotes":"","jetpack_publicize_message":"","jetpack_publicize_feature_enabled":true,"jetpack_social_post_already_shared":true,"jetpack_social_options":{"image_generator_settings":{"template":"highway","enabled":false},"version":2}},"categories":[12],"tags":[],"class_list":["post-19676","post","type-post","status-publish","format-standard","has-post-thumbnail","hentry","category-politica"],"jetpack_publicize_connections":[],"_links":{"self":[{"href":"https:\/\/diariorepublica.com.ar\/web\/index.php\/wp-json\/wp\/v2\/posts\/19676"}],"collection":[{"href":"https:\/\/diariorepublica.com.ar\/web\/index.php\/wp-json\/wp\/v2\/posts"}],"about":[{"href":"https:\/\/diariorepublica.com.ar\/web\/index.php\/wp-json\/wp\/v2\/types\/post"}],"author":[{"embeddable":true,"href":"https:\/\/diariorepublica.com.ar\/web\/index.php\/wp-json\/wp\/v2\/users\/1"}],"replies":[{"embeddable":true,"href":"https:\/\/diariorepublica.com.ar\/web\/index.php\/wp-json\/wp\/v2\/comments?post=19676"}],"version-history":[{"count":1,"href":"https:\/\/diariorepublica.com.ar\/web\/index.php\/wp-json\/wp\/v2\/posts\/19676\/revisions"}],"predecessor-version":[{"id":19678,"href":"https:\/\/diariorepublica.com.ar\/web\/index.php\/wp-json\/wp\/v2\/posts\/19676\/revisions\/19678"}],"wp:featuredmedia":[{"embeddable":true,"href":"https:\/\/diariorepublica.com.ar\/web\/index.php\/wp-json\/wp\/v2\/media\/19677"}],"wp:attachment":[{"href":"https:\/\/diariorepublica.com.ar\/web\/index.php\/wp-json\/wp\/v2\/media?parent=19676"}],"wp:term":[{"taxonomy":"category","embeddable":true,"href":"https:\/\/diariorepublica.com.ar\/web\/index.php\/wp-json\/wp\/v2\/categories?post=19676"},{"taxonomy":"post_tag","embeddable":true,"href":"https:\/\/diariorepublica.com.ar\/web\/index.php\/wp-json\/wp\/v2\/tags?post=19676"}],"curies":[{"name":"wp","href":"https:\/\/api.w.org\/{rel}","templated":true}]}}