{"id":19679,"date":"2024-10-28T14:32:00","date_gmt":"2024-10-28T17:32:00","guid":{"rendered":"https:\/\/diariorepublica.com.ar\/web\/?p=19679"},"modified":"2024-10-28T07:34:48","modified_gmt":"2024-10-28T10:34:48","slug":"cuando-corre-franco-colapinto-en-el-gp-de-brasil","status":"publish","type":"post","link":"https:\/\/diariorepublica.com.ar\/web\/index.php\/deportes\/2024\/10\/28\/cuando-corre-franco-colapinto-en-el-gp-de-brasil\/","title":{"rendered":"Cu\u00e1ndo corre Franco Colapinto en el GP de Brasil"},"content":{"rendered":"<p>El jefe de la escuder\u00eda Williams, James Vowles, reconoci\u00f3 que se sorprendi\u00f3 por el fanatismo que sienten los argentinos por Franco Colapinto: \u201c36 millones de personas est\u00e1n completamente pendientes de \u00e9l. En cada lugar al que vamos hay cientos o miles de argentinos solo gritando su nombre\u201d, y anticip\u00f3: \u201cCreo que San Pablo va a ser una locura\u201d.<\/p>\n<p>La realidad marca que desde su arribo a la F\u00f3rmula 1, Colapinto se convirti\u00f3 en uno de los favoritos del p\u00fablico y en cada Gran Premio que disputa siempre es alentado por miles de argentinos.<\/p>\n<p>El GP de Brasil se disputar\u00e1 el pr\u00f3ximo fin de semana en el Aut\u00f3dromo Jos\u00e9 Carlos Pace (Interlagos), de la ciudad de San Pablo. All\u00ed se espera a una multitud de argentinos y que Colapinto pueda sentirse m\u00e1s local que nunca.<\/p>\n<h6>Cu\u00e1ndo son las pr\u00f3ximas carreras de Franco Colapinto en la F\u00f3rmula 1<\/h6>\n<ul>\n<li><strong>Brasil<\/strong>\u00a0| Interlagos:<strong>\u00a03 de noviembre<\/strong><\/li>\n<li><strong>Las Vegas<\/strong>\u00a0| Las Vegas:<strong>\u00a024 de noviembre<\/strong><\/li>\n<li><strong>Qatar<\/strong>\u00a0| Losail:\u00a0<strong>1 de diciembre<\/strong><\/li>\n<li><strong>Abu Dhabi<\/strong>\u00a0| Yas Marina:<strong>\u00a08 de diciembre<\/strong><\/li>\n<\/ul>\n","protected":false},"excerpt":{"rendered":"<p>El jefe de la escuder\u00eda Williams, James Vowles, reconoci\u00f3 que se sorprendi\u00f3 por el fanatismo que sienten los argentinos por<\/p>\n","protected":false},"author":1,"featured_media":19680,"comment_status":"closed","ping_status":"closed","sticky":false,"template":"","format":"standard","meta":{"footnotes":"","jetpack_publicize_message":"","jetpack_publicize_feature_enabled":true,"jetpack_social_post_already_shared":true,"jetpack_social_options":{"image_generator_settings":{"template":"highway","enabled":false},"version":2}},"categories":[9],"tags":[],"class_list":["post-19679","post","type-post","status-publish","format-standard","has-post-thumbnail","hentry","category-deportes"],"jetpack_publicize_connections":[],"_links":{"self":[{"href":"https:\/\/diariorepublica.com.ar\/web\/index.php\/wp-json\/wp\/v2\/posts\/19679"}],"collection":[{"href":"https:\/\/diariorepublica.com.ar\/web\/index.php\/wp-json\/wp\/v2\/posts"}],"about":[{"href":"https:\/\/diariorepublica.com.ar\/web\/index.php\/wp-json\/wp\/v2\/types\/post"}],"author":[{"embeddable":true,"href":"https:\/\/diariorepublica.com.ar\/web\/index.php\/wp-json\/wp\/v2\/users\/1"}],"replies":[{"embeddable":true,"href":"https:\/\/diariorepublica.com.ar\/web\/index.php\/wp-json\/wp\/v2\/comments?post=19679"}],"version-history":[{"count":1,"href":"https:\/\/diariorepublica.com.ar\/web\/index.php\/wp-json\/wp\/v2\/posts\/19679\/revisions"}],"predecessor-version":[{"id":19681,"href":"https:\/\/diariorepublica.com.ar\/web\/index.php\/wp-json\/wp\/v2\/posts\/19679\/revisions\/19681"}],"wp:featuredmedia":[{"embeddable":true,"href":"https:\/\/diariorepublica.com.ar\/web\/index.php\/wp-json\/wp\/v2\/media\/19680"}],"wp:attachment":[{"href":"https:\/\/diariorepublica.com.ar\/web\/index.php\/wp-json\/wp\/v2\/media?parent=19679"}],"wp:term":[{"taxonomy":"category","embeddable":true,"href":"https:\/\/diariorepublica.com.ar\/web\/index.php\/wp-json\/wp\/v2\/categories?post=19679"},{"taxonomy":"post_tag","embeddable":true,"href":"https:\/\/diariorepublica.com.ar\/web\/index.php\/wp-json\/wp\/v2\/tags?post=19679"}],"curies":[{"name":"wp","href":"https:\/\/api.w.org\/{rel}","templated":true}]}}