{"id":19700,"date":"2024-10-28T05:57:00","date_gmt":"2024-10-28T08:57:00","guid":{"rendered":"https:\/\/diariorepublica.com.ar\/web\/?p=19700"},"modified":"2024-10-28T08:58:05","modified_gmt":"2024-10-28T11:58:05","slug":"uruguay-gano-el-frente-amplio-pero-habra-balotaje","status":"publish","type":"post","link":"https:\/\/diariorepublica.com.ar\/web\/index.php\/internacionales\/2024\/10\/28\/uruguay-gano-el-frente-amplio-pero-habra-balotaje\/","title":{"rendered":"Uruguay: gan\u00f3 el Frente Amplio, pero habr\u00e1 balotaje"},"content":{"rendered":"<article id=\"article-post\" class=\"first\">\n<div class=\"cuerpo\" data-twitter-link=\"https:\/\/twitter.com\/intent\/tweet?url=https:\/\/www.diariopopular.com.ar\/c812738&amp;via=poopulardiario&amp;related=Popular&amp;text=\">\n<p><strong>El candidato del izquierdista Frente Amplio, Yamand\u00fa Orsi, se impuso en las elecciones uruguayas que se celebraron este domingo<\/strong>, pero deber\u00e1 confrontar en un balotaje con el postulante del oficialista Partido Nacional, \u00c1lvaro Delgado.<\/p>\n<\/div>\n<\/article>\n<article id=\"article-post\">\n<div class=\"cuerpo\" data-twitter-link=\"https:\/\/twitter.com\/intent\/tweet?url=https:\/\/www.diariopopular.com.ar\/c812738&amp;via=poopulardiario&amp;related=Popular&amp;text=\">\n<p>Orsi se impuso con un\u00a0<strong>43,93%<\/strong>\u00a0de los votos, Delgado alcanz\u00f3 el<strong>\u00a026,79%<\/strong>\u00a0y Andr\u00e9s Ojeda, del Partido Colorado, se qued\u00f3 afuera del balotaje con el\u00a0<strong>16,02%<\/strong>.<\/p>\n<p>Como la fuerza triunfante no alcanz\u00f3 a reunir el 50 por ciento de los votos, habr\u00e1\u00a0<strong>segunda vuelta<\/strong>\u00a0entre los dos candidatos m\u00e1s votados en esta elecci\u00f3n, que est\u00e1 previsto para\u00a0<strong>el pr\u00f3ximo 24 de noviembre<\/strong>.<\/p>\n<p>Yamand\u00fa ofreci\u00f3 un discurso en un escenario montado en la Rambla de Montevideo, y destaco que \u00abEl Frente Amplio volvi\u00f3 a ser el partido m\u00e1s votado de Uruguay\u00bb.<\/p>\n<p><strong>\u00abSomos el partido que m\u00e1s creci\u00f3 en esta elecci\u00f3n\u00bb,<\/strong>\u00a0festej\u00f3 el candidato. \u201cEn estos 27 d\u00edas vamos por ese \u00faltimo esfuerzo. Con m\u00e1s ganas que nunca, m\u00e1s de pie que nunca. Pero m\u00e1s all\u00e1 de nuestras filas, sepan todos los compatriotas que defenderemos entre todos la sana competencia electoral que tanto y tanto valoramos\u201d, asegur\u00f3.<\/p>\n<p>Por su parte, Delgado, en el b\u00fanker del Partido Nacional, destac\u00f3 como m\u00e1s votada a la Coalici\u00f3n, que suma al Partido Colorado que termin\u00f3 tercero y a otras fuerzas. Esta agrupaci\u00f3n de centroderecha oficialista tambi\u00e9n integra los partidos Cabildo Abierto (CA), Partido de la Gente (PG) y Partido Independiente (PI).<\/p>\n<p><strong>\u201cEmpezamos una etapa de una l\u00f3gica diferente, las urnas hablaron, el Uruguay se expres\u00f3 en democracia y libertad y esta noche el Uruguay dijo que la coalici\u00f3n es el proyecto pol\u00edtico m\u00e1s votado de nuestro pa\u00eds\u201d,<\/strong>\u00a0expres\u00f3.<\/p>\n<p>Delgado, junto al resto de las candidatos de la coalici\u00f3n, asegur\u00f3 que \u00abtiene la responsabilidad republicana de que el Uruguay no retroceda\u00bb.<\/p>\n<\/div>\n<\/article>\n","protected":false},"excerpt":{"rendered":"<p>El candidato del izquierdista Frente Amplio, Yamand\u00fa Orsi, se impuso en las elecciones uruguayas que se celebraron este domingo, pero<\/p>\n","protected":false},"author":1,"featured_media":19701,"comment_status":"closed","ping_status":"closed","sticky":false,"template":"","format":"standard","meta":{"footnotes":"","jetpack_publicize_message":"","jetpack_publicize_feature_enabled":true,"jetpack_social_post_already_shared":true,"jetpack_social_options":{"image_generator_settings":{"template":"highway","enabled":false},"version":2}},"categories":[6],"tags":[],"class_list":["post-19700","post","type-post","status-publish","format-standard","has-post-thumbnail","hentry","category-internacionales"],"jetpack_publicize_connections":[],"_links":{"self":[{"href":"https:\/\/diariorepublica.com.ar\/web\/index.php\/wp-json\/wp\/v2\/posts\/19700"}],"collection":[{"href":"https:\/\/diariorepublica.com.ar\/web\/index.php\/wp-json\/wp\/v2\/posts"}],"about":[{"href":"https:\/\/diariorepublica.com.ar\/web\/index.php\/wp-json\/wp\/v2\/types\/post"}],"author":[{"embeddable":true,"href":"https:\/\/diariorepublica.com.ar\/web\/index.php\/wp-json\/wp\/v2\/users\/1"}],"replies":[{"embeddable":true,"href":"https:\/\/diariorepublica.com.ar\/web\/index.php\/wp-json\/wp\/v2\/comments?post=19700"}],"version-history":[{"count":1,"href":"https:\/\/diariorepublica.com.ar\/web\/index.php\/wp-json\/wp\/v2\/posts\/19700\/revisions"}],"predecessor-version":[{"id":19702,"href":"https:\/\/diariorepublica.com.ar\/web\/index.php\/wp-json\/wp\/v2\/posts\/19700\/revisions\/19702"}],"wp:featuredmedia":[{"embeddable":true,"href":"https:\/\/diariorepublica.com.ar\/web\/index.php\/wp-json\/wp\/v2\/media\/19701"}],"wp:attachment":[{"href":"https:\/\/diariorepublica.com.ar\/web\/index.php\/wp-json\/wp\/v2\/media?parent=19700"}],"wp:term":[{"taxonomy":"category","embeddable":true,"href":"https:\/\/diariorepublica.com.ar\/web\/index.php\/wp-json\/wp\/v2\/categories?post=19700"},{"taxonomy":"post_tag","embeddable":true,"href":"https:\/\/diariorepublica.com.ar\/web\/index.php\/wp-json\/wp\/v2\/tags?post=19700"}],"curies":[{"name":"wp","href":"https:\/\/api.w.org\/{rel}","templated":true}]}}