{"id":19734,"date":"2024-10-29T07:05:00","date_gmt":"2024-10-29T10:05:00","guid":{"rendered":"https:\/\/diariorepublica.com.ar\/web\/?p=19734"},"modified":"2024-10-29T08:06:20","modified_gmt":"2024-10-29T11:06:20","slug":"guillermo-francella-y-marynes-brena-se-separaron-tras-36-anos-de-matrimonio","status":"publish","type":"post","link":"https:\/\/diariorepublica.com.ar\/web\/index.php\/espectaculos\/2024\/10\/29\/guillermo-francella-y-marynes-brena-se-separaron-tras-36-anos-de-matrimonio\/","title":{"rendered":"Guillermo Francella y Maryn\u00e9s Bre\u00f1a se separaron tras 36 a\u00f1os de matrimonio"},"content":{"rendered":"<p><strong>Guillermo Francella\u00a0<\/strong>y\u00a0<strong>Maryn\u00e9s Bre\u00f1a<\/strong>\u00a0le pusieron fin a su relaci\u00f3n de 36 a\u00f1os, seg\u00fan inform\u00f3\u00a0<strong>Paula Varela\u00a0<\/strong>en<strong>\u00a0<\/strong><i>Socios del espect\u00e1culo.<\/i><\/p>\n<p><i>\u00abTengo que contar la separaci\u00f3n de Guillermo Francella y su mujer, Maryn\u00e9s, despu\u00e9s de 36 a\u00f1os de estar juntos\u00bb,\u00a0<\/i>anunci\u00f3 la panelista en un video que publico en sus redes sociales y agreg\u00f3:\u00a0<i><strong>\u201cSe separaron luego de una crisis muy profunda\u201d.<\/strong><\/i><\/p>\n<p>Si bien la pareja ya est\u00e1 separada, seg\u00fan Varela a\u00fan siguen\u00a0<i>\u201ccompartiendo eventos familiares<\/i>\u201d.<\/p>\n<p>D\u00edas atr\u00e1s, el actor asisti\u00f3 a la primera edici\u00f3n de los Mart\u00edn Fierro de Cine, Series y Plataformas y fue reconocido con el Oro por su trabajo en El Encargado, la serie de Disney+. Algo que llam\u00f3 la atenci\u00f3n de los presentes es que en su discurso, no nombr\u00f3 a Maryn\u00e9s, como sol\u00eda hacer.<\/p>\n<p>La pareja se conoci\u00f3 en 1987, esa misma noche, en el cumple del hermano de Francella, se dieron su primer beso y empezaron su relaci\u00f3n. Ambos son padres\u00a0de Nicol\u00e1s y\u00a0Johanna \u00abYoyi\u00bb Francella,\u00a0actores y streamers.<\/p>\n<p>NA<\/p>\n","protected":false},"excerpt":{"rendered":"<p>Guillermo Francella\u00a0y\u00a0Maryn\u00e9s Bre\u00f1a\u00a0le pusieron fin a su relaci\u00f3n de 36 a\u00f1os, seg\u00fan inform\u00f3\u00a0Paula Varela\u00a0en\u00a0Socios del espect\u00e1culo. \u00abTengo que contar la<\/p>\n","protected":false},"author":1,"featured_media":19735,"comment_status":"closed","ping_status":"closed","sticky":false,"template":"","format":"standard","meta":{"footnotes":"","jetpack_publicize_message":"","jetpack_publicize_feature_enabled":true,"jetpack_social_post_already_shared":true,"jetpack_social_options":{"image_generator_settings":{"template":"highway","enabled":false},"version":2}},"categories":[7],"tags":[],"class_list":["post-19734","post","type-post","status-publish","format-standard","has-post-thumbnail","hentry","category-espectaculos"],"jetpack_publicize_connections":[],"_links":{"self":[{"href":"https:\/\/diariorepublica.com.ar\/web\/index.php\/wp-json\/wp\/v2\/posts\/19734"}],"collection":[{"href":"https:\/\/diariorepublica.com.ar\/web\/index.php\/wp-json\/wp\/v2\/posts"}],"about":[{"href":"https:\/\/diariorepublica.com.ar\/web\/index.php\/wp-json\/wp\/v2\/types\/post"}],"author":[{"embeddable":true,"href":"https:\/\/diariorepublica.com.ar\/web\/index.php\/wp-json\/wp\/v2\/users\/1"}],"replies":[{"embeddable":true,"href":"https:\/\/diariorepublica.com.ar\/web\/index.php\/wp-json\/wp\/v2\/comments?post=19734"}],"version-history":[{"count":1,"href":"https:\/\/diariorepublica.com.ar\/web\/index.php\/wp-json\/wp\/v2\/posts\/19734\/revisions"}],"predecessor-version":[{"id":19736,"href":"https:\/\/diariorepublica.com.ar\/web\/index.php\/wp-json\/wp\/v2\/posts\/19734\/revisions\/19736"}],"wp:featuredmedia":[{"embeddable":true,"href":"https:\/\/diariorepublica.com.ar\/web\/index.php\/wp-json\/wp\/v2\/media\/19735"}],"wp:attachment":[{"href":"https:\/\/diariorepublica.com.ar\/web\/index.php\/wp-json\/wp\/v2\/media?parent=19734"}],"wp:term":[{"taxonomy":"category","embeddable":true,"href":"https:\/\/diariorepublica.com.ar\/web\/index.php\/wp-json\/wp\/v2\/categories?post=19734"},{"taxonomy":"post_tag","embeddable":true,"href":"https:\/\/diariorepublica.com.ar\/web\/index.php\/wp-json\/wp\/v2\/tags?post=19734"}],"curies":[{"name":"wp","href":"https:\/\/api.w.org\/{rel}","templated":true}]}}