{"id":1974,"date":"2023-04-25T08:41:12","date_gmt":"2023-04-25T11:41:12","guid":{"rendered":"https:\/\/diariorepublica.com.ar\/web\/?p=1974"},"modified":"2023-04-25T08:41:13","modified_gmt":"2023-04-25T11:41:13","slug":"no-veo-como-viable-la-aplicacion-de-la-boleta-unica-en-esta-eleccion","status":"publish","type":"post","link":"https:\/\/diariorepublica.com.ar\/web\/index.php\/politica\/2023\/04\/25\/no-veo-como-viable-la-aplicacion-de-la-boleta-unica-en-esta-eleccion\/","title":{"rendered":"\u201cNo veo como viable la aplicaci\u00f3n de la Boleta \u00danica en esta elecci\u00f3n\u201d"},"content":{"rendered":"<p>La diputada M\u00f3nica Zalazar (Frente de Todos) se sum\u00f3 a las expresiones sobre la inviabilidad de utilizar la Boleta \u00danica en estas elecciones, ya que para ello la provincia deber\u00eda al menos contar con alguna experiencia en este sistema de selecci\u00f3n.<\/p>\n<p>Zalazar indic\u00f3 que, personalmente, le hubiese \u201cgustado haber tenido tiempo para ensayar la Boleta \u00danica, pero no lo tuvimos y esta es una elecci\u00f3n muy importante, no es una elecci\u00f3n m\u00e1s\u201d.<\/p>\n","protected":false},"excerpt":{"rendered":"<p>La diputada M\u00f3nica Zalazar (Frente de Todos) se sum\u00f3 a las expresiones sobre la inviabilidad de utilizar la Boleta \u00danica<\/p>\n","protected":false},"author":2,"featured_media":1975,"comment_status":"closed","ping_status":"closed","sticky":false,"template":"","format":"standard","meta":{"footnotes":"","jetpack_publicize_message":"","jetpack_publicize_feature_enabled":true,"jetpack_social_post_already_shared":false,"jetpack_social_options":{"image_generator_settings":{"template":"highway","enabled":false},"version":2}},"categories":[12],"tags":[],"class_list":["post-1974","post","type-post","status-publish","format-standard","has-post-thumbnail","hentry","category-politica"],"jetpack_publicize_connections":[],"_links":{"self":[{"href":"https:\/\/diariorepublica.com.ar\/web\/index.php\/wp-json\/wp\/v2\/posts\/1974"}],"collection":[{"href":"https:\/\/diariorepublica.com.ar\/web\/index.php\/wp-json\/wp\/v2\/posts"}],"about":[{"href":"https:\/\/diariorepublica.com.ar\/web\/index.php\/wp-json\/wp\/v2\/types\/post"}],"author":[{"embeddable":true,"href":"https:\/\/diariorepublica.com.ar\/web\/index.php\/wp-json\/wp\/v2\/users\/2"}],"replies":[{"embeddable":true,"href":"https:\/\/diariorepublica.com.ar\/web\/index.php\/wp-json\/wp\/v2\/comments?post=1974"}],"version-history":[{"count":1,"href":"https:\/\/diariorepublica.com.ar\/web\/index.php\/wp-json\/wp\/v2\/posts\/1974\/revisions"}],"predecessor-version":[{"id":1976,"href":"https:\/\/diariorepublica.com.ar\/web\/index.php\/wp-json\/wp\/v2\/posts\/1974\/revisions\/1976"}],"wp:featuredmedia":[{"embeddable":true,"href":"https:\/\/diariorepublica.com.ar\/web\/index.php\/wp-json\/wp\/v2\/media\/1975"}],"wp:attachment":[{"href":"https:\/\/diariorepublica.com.ar\/web\/index.php\/wp-json\/wp\/v2\/media?parent=1974"}],"wp:term":[{"taxonomy":"category","embeddable":true,"href":"https:\/\/diariorepublica.com.ar\/web\/index.php\/wp-json\/wp\/v2\/categories?post=1974"},{"taxonomy":"post_tag","embeddable":true,"href":"https:\/\/diariorepublica.com.ar\/web\/index.php\/wp-json\/wp\/v2\/tags?post=1974"}],"curies":[{"name":"wp","href":"https:\/\/api.w.org\/{rel}","templated":true}]}}