{"id":19770,"date":"2024-10-29T16:26:00","date_gmt":"2024-10-29T19:26:00","guid":{"rendered":"https:\/\/diariorepublica.com.ar\/web\/?p=19770"},"modified":"2024-10-29T12:27:46","modified_gmt":"2024-10-29T15:27:46","slug":"edicion-especial-de-halloween-del-ciclo-cine-bajo-las-estrellas","status":"publish","type":"post","link":"https:\/\/diariorepublica.com.ar\/web\/index.php\/sociedad\/2024\/10\/29\/edicion-especial-de-halloween-del-ciclo-cine-bajo-las-estrellas\/","title":{"rendered":"Edici\u00f3n especial de Halloween del ciclo Cine bajo las estrellas"},"content":{"rendered":"<p>El ciclo \u201cCine bajo las estrellas\u201d tendr\u00e1 este jueves 31 de octubre desde las 20 hs una proyecci\u00f3n especial por Halloween con una propuesta de cine de terror para disfrutar al aire libre, en el Patio del Archivo Hist\u00f3rico de la Provincia, en Sarmiento 449.<\/p>\n<p>En esta edici\u00f3n especial de Halloween, la funci\u00f3n ser\u00e1 apta para mayores de 16 a\u00f1os, con la proyecci\u00f3n de la pel\u00edcula argentina del g\u00e9nero terror \u201cCuando acecha la maldad\u201d, dirigida por Demi\u00e1n Rugna y con las actuaciones de Ezequiel Rodr\u00edguez y Demi\u00e1n Salom\u00f3n.<\/p>\n<p>Catalogada como la producci\u00f3n de terror argentina m\u00e1s vista en la historia del cine argentino, la trama de la pel\u00edcula se ubica en un remoto pueblo del interior bonaerense, donde dos hermanos encuentran a un hombre infectado por el demonio a punto de dar a luz al mism\u00edsimo mal. Deciden por sus propios medios deshacerse del \u201cembichado\u201d, pero s\u00f3lo consiguen extender el caos. Una trama llena de terror y suspenso que promete mantener a los espectadores con todos los sentidos en alerta.<\/p>\n<p>El ciclo \u201cCine bajo las estrellas\u201d es una iniciativa de la Secretar\u00eda de gesti\u00f3n Cultural del Ministerio de Cultura, Turismo y Deporte. Invita al p\u00fablico a disfrutar de la experiencia del cine al aire libre, de forma gratuita, y acceder a proyecciones cinematogr\u00e1ficas de diversos g\u00e9neros y tem\u00e1ticas en distintos escenarios de la provincia.<\/p>\n","protected":false},"excerpt":{"rendered":"<p>El ciclo \u201cCine bajo las estrellas\u201d tendr\u00e1 este jueves 31 de octubre desde las 20 hs una proyecci\u00f3n especial por<\/p>\n","protected":false},"author":1,"featured_media":19771,"comment_status":"closed","ping_status":"closed","sticky":false,"template":"","format":"standard","meta":{"footnotes":"","jetpack_publicize_message":"","jetpack_publicize_feature_enabled":true,"jetpack_social_post_already_shared":true,"jetpack_social_options":{"image_generator_settings":{"template":"highway","enabled":false},"version":2}},"categories":[3],"tags":[],"class_list":["post-19770","post","type-post","status-publish","format-standard","has-post-thumbnail","hentry","category-sociedad"],"jetpack_publicize_connections":[],"_links":{"self":[{"href":"https:\/\/diariorepublica.com.ar\/web\/index.php\/wp-json\/wp\/v2\/posts\/19770"}],"collection":[{"href":"https:\/\/diariorepublica.com.ar\/web\/index.php\/wp-json\/wp\/v2\/posts"}],"about":[{"href":"https:\/\/diariorepublica.com.ar\/web\/index.php\/wp-json\/wp\/v2\/types\/post"}],"author":[{"embeddable":true,"href":"https:\/\/diariorepublica.com.ar\/web\/index.php\/wp-json\/wp\/v2\/users\/1"}],"replies":[{"embeddable":true,"href":"https:\/\/diariorepublica.com.ar\/web\/index.php\/wp-json\/wp\/v2\/comments?post=19770"}],"version-history":[{"count":1,"href":"https:\/\/diariorepublica.com.ar\/web\/index.php\/wp-json\/wp\/v2\/posts\/19770\/revisions"}],"predecessor-version":[{"id":19772,"href":"https:\/\/diariorepublica.com.ar\/web\/index.php\/wp-json\/wp\/v2\/posts\/19770\/revisions\/19772"}],"wp:featuredmedia":[{"embeddable":true,"href":"https:\/\/diariorepublica.com.ar\/web\/index.php\/wp-json\/wp\/v2\/media\/19771"}],"wp:attachment":[{"href":"https:\/\/diariorepublica.com.ar\/web\/index.php\/wp-json\/wp\/v2\/media?parent=19770"}],"wp:term":[{"taxonomy":"category","embeddable":true,"href":"https:\/\/diariorepublica.com.ar\/web\/index.php\/wp-json\/wp\/v2\/categories?post=19770"},{"taxonomy":"post_tag","embeddable":true,"href":"https:\/\/diariorepublica.com.ar\/web\/index.php\/wp-json\/wp\/v2\/tags?post=19770"}],"curies":[{"name":"wp","href":"https:\/\/api.w.org\/{rel}","templated":true}]}}