{"id":19806,"date":"2024-10-30T11:32:48","date_gmt":"2024-10-30T14:32:48","guid":{"rendered":"https:\/\/diariorepublica.com.ar\/web\/?p=19806"},"modified":"2024-10-30T11:32:50","modified_gmt":"2024-10-30T14:32:50","slug":"el-asfaltado-de-la-ruta-42-estara-concluido-a-fin-de-ano","status":"publish","type":"post","link":"https:\/\/diariorepublica.com.ar\/web\/index.php\/sociedad\/2024\/10\/30\/el-asfaltado-de-la-ruta-42-estara-concluido-a-fin-de-ano\/","title":{"rendered":"El asfaltado de la Ruta 42 estar\u00e1 concluido a fin de a\u00f1o"},"content":{"rendered":"<p>Durante una reuni\u00f3n mantenida en las instalaciones del Ministerio de Infraestructura y Obras Civiles, el representante de la empresa a cargo de la obra en el Este provincial, inform\u00f3 al gobernador Ra\u00fal Jalil, al ministro Juan Marchetti y el intendente de El Alto, Ariel Ojeda, que los trabajos de asfaltado en Ruta Provincial N\u00b042 avanzan a buen ritmo y se espera que est\u00e9n concluidos a fin de a\u00f1o.<\/p>\n<p>El tramo de asfaltado comprende un total de 30 kil\u00f3metros desde Tintigasta hasta la cumbre de El Portezuelo, beneficiando a las comunidades de Tintigasta, Guayamba y El Alto, adem\u00e1s de conformar el Corredor vial Este junto a las rutas provinciales 2 y 7.<\/p>\n<p>Santiago Guarrochena, representante de la empresa Chediak, precis\u00f3 ante las autoridades que las obras est\u00e1n avanzando a un ritmo \u00f3ptimo desde el reinicio de las actividades el pasado 5 de octubre, cuando se despleg\u00f3 toda la maquinaria de la empresa. El objetivo propuesto es culminar la pavimentaci\u00f3n de este tramo para fin de a\u00f1o, lo cual permitir\u00e1 que turistas y visitantes puedan transitar de manera segura hacia el Este catamarque\u00f1o durante la temporada de vacaciones.<\/p>\n<p>Asimismo, se proyecta que, una vez completados los trabajos de base en Ruta 42 para diciembre, parte del equipo de la empresa Chediak se traslade a trabajar en Ruta Provincial N\u00ba2 para reactivar la pavimentaci\u00f3n y repavimentaci\u00f3n de 79 km sobre en el tramo Los Morteros-San Antonio de la Paz (atravesando localidades de Los Morteros, Anquincila, Ancasti e Ica\u00f1o). Ambas obras son realizadas con fondos provinciales.<\/p>\n","protected":false},"excerpt":{"rendered":"<p>Durante una reuni\u00f3n mantenida en las instalaciones del Ministerio de Infraestructura y Obras Civiles, el representante de la empresa a<\/p>\n","protected":false},"author":1,"featured_media":19807,"comment_status":"closed","ping_status":"closed","sticky":false,"template":"","format":"standard","meta":{"footnotes":"","jetpack_publicize_message":"","jetpack_publicize_feature_enabled":true,"jetpack_social_post_already_shared":true,"jetpack_social_options":{"image_generator_settings":{"template":"highway","enabled":false},"version":2}},"categories":[3],"tags":[],"class_list":["post-19806","post","type-post","status-publish","format-standard","has-post-thumbnail","hentry","category-sociedad"],"jetpack_publicize_connections":[],"_links":{"self":[{"href":"https:\/\/diariorepublica.com.ar\/web\/index.php\/wp-json\/wp\/v2\/posts\/19806"}],"collection":[{"href":"https:\/\/diariorepublica.com.ar\/web\/index.php\/wp-json\/wp\/v2\/posts"}],"about":[{"href":"https:\/\/diariorepublica.com.ar\/web\/index.php\/wp-json\/wp\/v2\/types\/post"}],"author":[{"embeddable":true,"href":"https:\/\/diariorepublica.com.ar\/web\/index.php\/wp-json\/wp\/v2\/users\/1"}],"replies":[{"embeddable":true,"href":"https:\/\/diariorepublica.com.ar\/web\/index.php\/wp-json\/wp\/v2\/comments?post=19806"}],"version-history":[{"count":1,"href":"https:\/\/diariorepublica.com.ar\/web\/index.php\/wp-json\/wp\/v2\/posts\/19806\/revisions"}],"predecessor-version":[{"id":19808,"href":"https:\/\/diariorepublica.com.ar\/web\/index.php\/wp-json\/wp\/v2\/posts\/19806\/revisions\/19808"}],"wp:featuredmedia":[{"embeddable":true,"href":"https:\/\/diariorepublica.com.ar\/web\/index.php\/wp-json\/wp\/v2\/media\/19807"}],"wp:attachment":[{"href":"https:\/\/diariorepublica.com.ar\/web\/index.php\/wp-json\/wp\/v2\/media?parent=19806"}],"wp:term":[{"taxonomy":"category","embeddable":true,"href":"https:\/\/diariorepublica.com.ar\/web\/index.php\/wp-json\/wp\/v2\/categories?post=19806"},{"taxonomy":"post_tag","embeddable":true,"href":"https:\/\/diariorepublica.com.ar\/web\/index.php\/wp-json\/wp\/v2\/tags?post=19806"}],"curies":[{"name":"wp","href":"https:\/\/api.w.org\/{rel}","templated":true}]}}