{"id":1986,"date":"2023-04-25T09:04:15","date_gmt":"2023-04-25T12:04:15","guid":{"rendered":"https:\/\/diariorepublica.com.ar\/web\/?p=1986"},"modified":"2023-04-25T09:04:16","modified_gmt":"2023-04-25T12:04:16","slug":"el-gobierno-pretende-que-no-exista-union-en-la-oposicion","status":"publish","type":"post","link":"https:\/\/diariorepublica.com.ar\/web\/index.php\/politica\/2023\/04\/25\/el-gobierno-pretende-que-no-exista-union-en-la-oposicion\/","title":{"rendered":"\u201cEl Gobierno pretende que no exista uni\u00f3n en la oposici\u00f3n\u201d"},"content":{"rendered":"<p>El diputado provincial de la UCR Tiago Puente carg\u00f3 contra el oficialismo al afirmar que el Gobierno no tiene intenciones de aplicar la Boleta \u00danica. \u201cEl Frente de Todos jam\u00e1s quiso tratar la Boleta \u00danica. Yo no creo que suceda este a\u00f1o, no visualizo predisposici\u00f3n del Gobierno de la provincia<br \/>\n\u00abEl Gobierno quiere que nosotros como oposici\u00f3n nos entretengamos con discusiones entre nosotros para que no podamos armar el frente que so\u00f1amos, nos tir\u00f3 un hueso\u201d<br \/>\nPuente se\u00f1al\u00f3 que \u201chay que potenciar las instancias de di\u00e1logo en el radicalismo para que no existan pensamientos unipersonales, y que cuando el partido defina un rumbo estemos ah\u00ed acompa\u00f1ando y trabajando\u201d.<\/p>\n","protected":false},"excerpt":{"rendered":"<p>El diputado provincial de la UCR Tiago Puente carg\u00f3 contra el oficialismo al afirmar que el Gobierno no tiene intenciones<\/p>\n","protected":false},"author":2,"featured_media":1988,"comment_status":"closed","ping_status":"closed","sticky":false,"template":"","format":"standard","meta":{"footnotes":"","jetpack_publicize_message":"","jetpack_publicize_feature_enabled":true,"jetpack_social_post_already_shared":false,"jetpack_social_options":{"image_generator_settings":{"template":"highway","enabled":false},"version":2}},"categories":[12],"tags":[],"class_list":["post-1986","post","type-post","status-publish","format-standard","has-post-thumbnail","hentry","category-politica"],"jetpack_publicize_connections":[],"_links":{"self":[{"href":"https:\/\/diariorepublica.com.ar\/web\/index.php\/wp-json\/wp\/v2\/posts\/1986"}],"collection":[{"href":"https:\/\/diariorepublica.com.ar\/web\/index.php\/wp-json\/wp\/v2\/posts"}],"about":[{"href":"https:\/\/diariorepublica.com.ar\/web\/index.php\/wp-json\/wp\/v2\/types\/post"}],"author":[{"embeddable":true,"href":"https:\/\/diariorepublica.com.ar\/web\/index.php\/wp-json\/wp\/v2\/users\/2"}],"replies":[{"embeddable":true,"href":"https:\/\/diariorepublica.com.ar\/web\/index.php\/wp-json\/wp\/v2\/comments?post=1986"}],"version-history":[{"count":1,"href":"https:\/\/diariorepublica.com.ar\/web\/index.php\/wp-json\/wp\/v2\/posts\/1986\/revisions"}],"predecessor-version":[{"id":1989,"href":"https:\/\/diariorepublica.com.ar\/web\/index.php\/wp-json\/wp\/v2\/posts\/1986\/revisions\/1989"}],"wp:featuredmedia":[{"embeddable":true,"href":"https:\/\/diariorepublica.com.ar\/web\/index.php\/wp-json\/wp\/v2\/media\/1988"}],"wp:attachment":[{"href":"https:\/\/diariorepublica.com.ar\/web\/index.php\/wp-json\/wp\/v2\/media?parent=1986"}],"wp:term":[{"taxonomy":"category","embeddable":true,"href":"https:\/\/diariorepublica.com.ar\/web\/index.php\/wp-json\/wp\/v2\/categories?post=1986"},{"taxonomy":"post_tag","embeddable":true,"href":"https:\/\/diariorepublica.com.ar\/web\/index.php\/wp-json\/wp\/v2\/tags?post=1986"}],"curies":[{"name":"wp","href":"https:\/\/api.w.org\/{rel}","templated":true}]}}