{"id":19867,"date":"2024-11-01T17:40:00","date_gmt":"2024-11-01T20:40:00","guid":{"rendered":"https:\/\/diariorepublica.com.ar\/web\/?p=19867"},"modified":"2024-11-01T08:41:38","modified_gmt":"2024-11-01T11:41:38","slug":"todos-los-shows-de-noviembre-en-el-cine-teatro-catamarca","status":"publish","type":"post","link":"https:\/\/diariorepublica.com.ar\/web\/index.php\/sociedad\/2024\/11\/01\/todos-los-shows-de-noviembre-en-el-cine-teatro-catamarca\/","title":{"rendered":"Todos los shows de noviembre en el Cine Teatro Catamarca"},"content":{"rendered":"<p>Este mes de noviembre, el Cine Teatro Catamarca ofrece una gran variedad de espect\u00e1culos para todos los gustos y edades. Recitales de bandas de renombre nacional, llegar\u00e1n para el deleite de sus seguidores.<\/p>\n<p>Adem\u00e1s, reconocidas academias de danzas de la provincia presentar\u00e1n su trabajo del a\u00f1o, demostrando los avances de sus alumnos m\u00e1s peque\u00f1os, hasta aquellos que ya tienen experiencia sobre las tablas.<\/p>\n<p>Programaci\u00f3n<\/p>\n<p><strong>S\u00e1bado 2 &#8211; 21:30 hs | H\u00e9roe L\u00edrico Pop &#8211; Noche L\u00edrica Italiana<\/strong><\/p>\n<p>El tr\u00edo argentino, pionero en la fusi\u00f3n de pop l\u00edrico en espa\u00f1ol, ha consolidado su estilo en la escena musical durante m\u00e1s de una d\u00e9cada. El grupo compuesto por el bar\u00edtono Federico Picone y los tenores Alejandro Falcone y Sebasti\u00e1n Russo ofrecer\u00e1 \u201cNoche L\u00edrica Italiana\u201d, el repertorio incluir\u00e1 grandes \u00e9xitos de la \u00f3pera universal, canzonettas y piezas emblem\u00e1ticas de la m\u00fasica popular italiana.<\/p>\n<p>Entradas en boleter\u00eda del teatro o por Norteticket.com<\/p>\n<p><strong>Domingo 10 &#8211; 20:00 hs | Cruzando el Charco &#8211; Esencia<\/strong><\/p>\n<p>Desde La Plata, Buenos Aires, llega por primera vez a Catamarca la banda Cruzando el Charco, como parte de su gira por el norte del pa\u00eds para presentar su \u00faltimo \u00e1lbum, *Esencia*. La banda, formada en 2012 e integrada por Francisco Lago (voz), Nahuel Piscitelli (guitarra), Juan Mat\u00edas Mench\u00f3n (bajo), Ignacio Marchesotti (percusi\u00f3n), Mat\u00edas Perroni (bater\u00eda), Dami\u00e1n \u00abTicky\u00bb Rodr\u00edguez (teclados) y Maximiliano Abal (guitarra), combina g\u00e9neros como rock, pop, cumbia, candombe y reggae, manteniendo siempre como base la canci\u00f3n. La llegada del grupo ha generado gran expectativa entre sus seguidores locales.<\/p>\n<p>Entradas en boleter\u00eda del teatro o por Norteticket.com<\/p>\n<p><strong>Domingo 17 &#8211; 20:30 hs | Estudio de Danza Daniela Salamanca<\/strong><\/p>\n<p><strong>Una Navidad Diferente<\/strong>\u00a0Obra de ballet inspirada en la pel\u00edcula El Grinch.<\/p>\n<p><strong>Ballet Alma Libre.\u00a0<\/strong>El\u00a0ballet femenino de estilizaci\u00f3n folkl\u00f3rica se presentar\u00e1 junto a invitados especiales como N\u00e9stor Pacheco, Fede Pacheco y Dui Esencia. Las entradas se consiguen comunic\u00e1ndose al 3834504498<\/p>\n<p><strong>S\u00e1bado 23 &#8211; 21:00 hs | Vilma Palma &#8211; Me Siento Loco Tour<\/strong><\/p>\n<p>La legendaria banda argentina Vilma Palma e Vampiros regresa a Catamarca como parte de su gira \u00abMe Siento Loco Tour\u00bb. El 23 de noviembre, en el Cine Teatro Catamarca, la banda ofrecer\u00e1 un show impactante en lo visual y musical, reviviendo \u00e9xitos como *La Pachanga*, *Auto Rojo*, *Voy a Vos*, *Cumbia Cazafantasma* y *Me Vuelvo Loco por Vos*, entre otros.<\/p>\n<p>Entradas en boleter\u00eda del teatro o por\u00a0<a href=\"http:\/\/entradaweb.com.ar\/\" target=\"_blank\" rel=\"noopener\" data-saferedirecturl=\"https:\/\/www.google.com\/url?q=http:\/\/entradaweb.com.ar\/&amp;source=gmail&amp;ust=1730471915743000&amp;usg=AOvVaw3_Pwk-qVN9L2uLvzK-sxia\">entradaweb.com.ar<\/a><\/p>\n<p><strong>S\u00e1bado 30 &#8211; 20:00 hs | Stredancing Love &#8211; Sinergia<\/strong><\/p>\n<p>El estudio de danza Stredancing presenta su muestra anual de fin de a\u00f1o, \u201cSinergia\u201d, en la que participar\u00e1n los talleres de cl\u00e1sico, contempor\u00e1neo, folklore y otros estilos, exhibiendo lo aprendido a lo largo del a\u00f1o.<\/p>\n<p>Entradas en venta en el estudio, Pasaje Narvaez 771.<\/p>\n","protected":false},"excerpt":{"rendered":"<p>Este mes de noviembre, el Cine Teatro Catamarca ofrece una gran variedad de espect\u00e1culos para todos los gustos y edades.<\/p>\n","protected":false},"author":1,"featured_media":19868,"comment_status":"closed","ping_status":"closed","sticky":false,"template":"","format":"standard","meta":{"footnotes":"","jetpack_publicize_message":"","jetpack_publicize_feature_enabled":true,"jetpack_social_post_already_shared":true,"jetpack_social_options":{"image_generator_settings":{"template":"highway","enabled":false},"version":2}},"categories":[3],"tags":[],"class_list":["post-19867","post","type-post","status-publish","format-standard","has-post-thumbnail","hentry","category-sociedad"],"jetpack_publicize_connections":[],"_links":{"self":[{"href":"https:\/\/diariorepublica.com.ar\/web\/index.php\/wp-json\/wp\/v2\/posts\/19867"}],"collection":[{"href":"https:\/\/diariorepublica.com.ar\/web\/index.php\/wp-json\/wp\/v2\/posts"}],"about":[{"href":"https:\/\/diariorepublica.com.ar\/web\/index.php\/wp-json\/wp\/v2\/types\/post"}],"author":[{"embeddable":true,"href":"https:\/\/diariorepublica.com.ar\/web\/index.php\/wp-json\/wp\/v2\/users\/1"}],"replies":[{"embeddable":true,"href":"https:\/\/diariorepublica.com.ar\/web\/index.php\/wp-json\/wp\/v2\/comments?post=19867"}],"version-history":[{"count":1,"href":"https:\/\/diariorepublica.com.ar\/web\/index.php\/wp-json\/wp\/v2\/posts\/19867\/revisions"}],"predecessor-version":[{"id":19869,"href":"https:\/\/diariorepublica.com.ar\/web\/index.php\/wp-json\/wp\/v2\/posts\/19867\/revisions\/19869"}],"wp:featuredmedia":[{"embeddable":true,"href":"https:\/\/diariorepublica.com.ar\/web\/index.php\/wp-json\/wp\/v2\/media\/19868"}],"wp:attachment":[{"href":"https:\/\/diariorepublica.com.ar\/web\/index.php\/wp-json\/wp\/v2\/media?parent=19867"}],"wp:term":[{"taxonomy":"category","embeddable":true,"href":"https:\/\/diariorepublica.com.ar\/web\/index.php\/wp-json\/wp\/v2\/categories?post=19867"},{"taxonomy":"post_tag","embeddable":true,"href":"https:\/\/diariorepublica.com.ar\/web\/index.php\/wp-json\/wp\/v2\/tags?post=19867"}],"curies":[{"name":"wp","href":"https:\/\/api.w.org\/{rel}","templated":true}]}}