{"id":20002,"date":"2024-11-07T07:49:23","date_gmt":"2024-11-07T10:49:23","guid":{"rendered":"https:\/\/diariorepublica.com.ar\/web\/?p=20002"},"modified":"2024-11-07T07:49:25","modified_gmt":"2024-11-07T10:49:25","slug":"mas-de-doscientos-ninos-brillaron-en-la-muestra-anual-del-proyecto-f-r-i-d-a","status":"publish","type":"post","link":"https:\/\/diariorepublica.com.ar\/web\/index.php\/sociedad\/2024\/11\/07\/mas-de-doscientos-ninos-brillaron-en-la-muestra-anual-del-proyecto-f-r-i-d-a\/","title":{"rendered":"M\u00e1s de doscientos ni\u00f1os brillaron en la muestra anual del proyecto F.R.I.D.A"},"content":{"rendered":"<p>El intendente de la Capital, Gustavo Saadi, asisti\u00f3 a la muestra anual de los talleres que forman parte del Proyecto F.R.I.D.A, donde m\u00e1s de doscientos ni\u00f1os y ni\u00f1as del sistema educativo municipal (SEM) presentaron lo aprendido durante el a\u00f1o. El evento se llev\u00f3 a cabo en las instalaciones del Club Red Star, destacando la creatividad y el talento de los estudiantes.<\/p>\n<p>Durante el evento, el jefe comunal brind\u00f3 unas palabras a los presentes: \u201cSimplemente quiero agradecer a todo el equipo de FRIDA, a los profesores, a los docentes, a los pap\u00e1s, a las mam\u00e1s y a toda la familia que hoy est\u00e1 apoyando a estos 200 ni\u00f1os y ni\u00f1as que han decidido hacer deporte y cultura. Yo siempre digo que los ni\u00f1os tienen que tener acceso no solo a la educaci\u00f3n, sino tambi\u00e9n al deporte y a la cultura. Este programa debe ser \u00fanico en Argentina; son pocas las escuelas que cuentan con un programa tan integral. As\u00ed que estamos muy orgullosos de lo que hemos logrado juntos\u00bb.<\/p>\n<p>El programa F.R.I.D.A (Formaci\u00f3n Recreativa Integral, Deportes y Arte) es una propuesta gratuita que busca fortalecer y acompa\u00f1ar a los estudiantes de las escuelas del Sistema Educativo Municipal (SEM). Este innovador proyecto ofrece oportunidades formativas en diversas \u00e1reas, incluyendo expresi\u00f3n corporal, educaci\u00f3n f\u00edsica, deportes, artes e idiomas extranjeros. Adem\u00e1s, se han incorporado acciones de apoyo escolar para complementar los espacios curriculares de la educaci\u00f3n com\u00fan.<\/p>\n<p>Durante la muestra, los participantes deleitaron al p\u00fablico con diversas presentaciones que incluyeron gimnasia art\u00edstica, folclore, f\u00fatbol, canto, murga y malambo. Estas actividades est\u00e1n dise\u00f1adas para involucrar tanto a los estudiantes como a sus familias, promoviendo as\u00ed una experiencia compartida de aprendizaje y capacitaci\u00f3n.<\/p>\n<p>Acompa\u00f1aron al intendente, la Secretaria de Educaci\u00f3n y Cultura, Marquesa Blanco, la Directora de Pol\u00edticas Sociales y Educativas, Claudia Ginocchio, el director de Cultura, Alejandro Farf\u00e1n, la diputada provincial, Cecilia Barros, entre otras autoridades.<\/p>\n","protected":false},"excerpt":{"rendered":"<p>El intendente de la Capital, Gustavo Saadi, asisti\u00f3 a la muestra anual de los talleres que forman parte del Proyecto<\/p>\n","protected":false},"author":1,"featured_media":20003,"comment_status":"closed","ping_status":"closed","sticky":false,"template":"","format":"standard","meta":{"footnotes":"","jetpack_publicize_message":"","jetpack_publicize_feature_enabled":true,"jetpack_social_post_already_shared":true,"jetpack_social_options":{"image_generator_settings":{"template":"highway","enabled":false},"version":2}},"categories":[3],"tags":[],"class_list":["post-20002","post","type-post","status-publish","format-standard","has-post-thumbnail","hentry","category-sociedad"],"jetpack_publicize_connections":[],"_links":{"self":[{"href":"https:\/\/diariorepublica.com.ar\/web\/index.php\/wp-json\/wp\/v2\/posts\/20002"}],"collection":[{"href":"https:\/\/diariorepublica.com.ar\/web\/index.php\/wp-json\/wp\/v2\/posts"}],"about":[{"href":"https:\/\/diariorepublica.com.ar\/web\/index.php\/wp-json\/wp\/v2\/types\/post"}],"author":[{"embeddable":true,"href":"https:\/\/diariorepublica.com.ar\/web\/index.php\/wp-json\/wp\/v2\/users\/1"}],"replies":[{"embeddable":true,"href":"https:\/\/diariorepublica.com.ar\/web\/index.php\/wp-json\/wp\/v2\/comments?post=20002"}],"version-history":[{"count":1,"href":"https:\/\/diariorepublica.com.ar\/web\/index.php\/wp-json\/wp\/v2\/posts\/20002\/revisions"}],"predecessor-version":[{"id":20004,"href":"https:\/\/diariorepublica.com.ar\/web\/index.php\/wp-json\/wp\/v2\/posts\/20002\/revisions\/20004"}],"wp:featuredmedia":[{"embeddable":true,"href":"https:\/\/diariorepublica.com.ar\/web\/index.php\/wp-json\/wp\/v2\/media\/20003"}],"wp:attachment":[{"href":"https:\/\/diariorepublica.com.ar\/web\/index.php\/wp-json\/wp\/v2\/media?parent=20002"}],"wp:term":[{"taxonomy":"category","embeddable":true,"href":"https:\/\/diariorepublica.com.ar\/web\/index.php\/wp-json\/wp\/v2\/categories?post=20002"},{"taxonomy":"post_tag","embeddable":true,"href":"https:\/\/diariorepublica.com.ar\/web\/index.php\/wp-json\/wp\/v2\/tags?post=20002"}],"curies":[{"name":"wp","href":"https:\/\/api.w.org\/{rel}","templated":true}]}}