{"id":20020,"date":"2024-11-07T08:45:29","date_gmt":"2024-11-07T11:45:29","guid":{"rendered":"https:\/\/diariorepublica.com.ar\/web\/?p=20020"},"modified":"2024-11-07T08:45:31","modified_gmt":"2024-11-07T11:45:31","slug":"el-consumo-de-yerba-mate-cayo-88-en-los-primeros-nueve-meses-del-ano","status":"publish","type":"post","link":"https:\/\/diariorepublica.com.ar\/web\/index.php\/nacionales\/2024\/11\/07\/el-consumo-de-yerba-mate-cayo-88-en-los-primeros-nueve-meses-del-ano\/","title":{"rendered":"El consumo de yerba mate cay\u00f3 8,8% en los primeros nueve meses del a\u00f1o"},"content":{"rendered":"<article id=\"article-post\" class=\"first\">\n<div class=\"cuerpo\" data-twitter-link=\"https:\/\/twitter.com\/intent\/tweet?url=https:\/\/www.diariopopular.com.ar\/c814144&amp;via=poopulardiario&amp;related=Popular&amp;text=\">\n<p>El consumo interno de<strong>\u00a0yerba mate<\/strong>\u00a0<strong>cay\u00f3 8,8%<\/strong>\u00a0interanual en los primeros nueve meses del a\u00f1o, como resultado de la sensible ca\u00edda del poder adquisitivo de los salarios, y alcanz\u00f3\u00a0<strong>el nivel m\u00e1s bajo de los \u00faltimos nueve a\u00f1os.<\/strong><\/p>\n<\/div>\n<\/article>\n<article id=\"article-post\">\n<div class=\"cuerpo\" data-twitter-link=\"https:\/\/twitter.com\/intent\/tweet?url=https:\/\/www.diariopopular.com.ar\/c814144&amp;via=poopulardiario&amp;related=Popular&amp;text=\">\n<p>De acuerdo con un informe del\u00a0<strong>Centro de Econom\u00eda Pol\u00edtica Argentina (CEPA),<\/strong>\u00a0que re\u00fane datos de distintos organismos, el consumo de yerba mate pas\u00f3\u00a0<strong>de 212 mil toneladas entre enero y septiembre de 2023 a 193,4 mil toneladas en el mismo per\u00edodo de este a\u00f1o.<\/strong><\/p>\n<p>\u201cEs el nivel de consumo m\u00e1s bajo de los \u00faltimos nueve a\u00f1os y se encuentra a 10,1 puntos porcentuales del pico de consumo experimentado en 2021\u201d, se\u00f1al\u00f3 CEPA.<\/p>\n<p>Asimismo, las exportaciones, en el acumulado de enero a septiembre,\u00a0<strong>disminuyeron 16,4%\u00a0<\/strong>en comparaci\u00f3n con el promedio 2020-2023 y decrecieron 16,4% en t\u00e9rminos interanuales.<\/p>\n<p>Seg\u00fan el\u00a0<strong>Instituto Nacional de Yerba Mate (YNYM)<\/strong>, los mercados que explican la merma de las exportaciones son la Uni\u00f3n Europea y ciertos pa\u00edses de Asia, que en los \u00faltimos a\u00f1os hab\u00edan cobrado mayor importancia en las compras.<\/p>\n<p>La reducci\u00f3n del consumo interno y de las exportaciones a la par de un registro de avance de cosecha m\u00e1s importante que el de los \u00faltimos cuatro a\u00f1os se traduce en un importante\u00a0<strong>aumento de stocks en establecimientos secaderos.<\/strong><\/p>\n<p>Adem\u00e1s, CEPA se\u00f1al\u00f3 que \u201cempeora la relaci\u00f3n precio al productor\/precio de g\u00f3ndola. Si se analiza la relaci\u00f3n entre lo que recibe el productor y el precio de g\u00f3ndola, el primero s\u00f3lo logra captar 5,7% del precio de venta en g\u00f3ndola, es decir, 1,3 puntos porcentuales menos que en septiembre 2023 y 2,4 puntos porcentuales menos que el promedio 2020-2023\u201d.<\/p>\n<p><strong>\u201cEs el peor momento, desde 2019, del ratio entre el precio al productor y el precio en g\u00f3ndola por kilo\u201d<\/strong>, remarc\u00f3.<\/p>\n<p>Agreg\u00f3 que \u201clas importaciones de yerba mate agravaron la situaci\u00f3n de los productores\u201d debido a la decisi\u00f3n del Gobierno de reducir impuestos a las importaciones de productos de primera necesidad incluidas las materias primas y la primera elaboraci\u00f3n de yerba mate.<\/p>\n<p>De acuerdo a los datos publicados por INDEC, las\u00a0<strong>importaciones de yerba mate canchada y yerba mate excluida<\/strong>\u00a0simplemente canchada (molida, lista para empaquetar), proveniente de Paraguay y Brasil, en los primeros nueve meses de a\u00f1o alcanzaron\u00a0<strong>8,93 millones de kg., 149% m\u00e1s que el mismo periodo de 2023.<\/strong><\/p>\n<p>\u201cEl perjuicio para los productores es evidente: la materia prima ingresa a un costo promedio de 1,2 d\u00f3lares por kilo que, al valor oficial m\u00e1s el impuesto PA\u00cdS, alcanza aproximadamente $1.296. En cambio, la yerba canchada, que en abril de 2024 se compraba en secaderos a $1.406, se est\u00e1 reponiendo a precios m\u00e1s bajos\u201d, indic\u00f3 CEPA.<\/p>\n<p>Detall\u00f3 que \u201cesto permite a los industriales pagar menos por la canchada o la hoja verde, adem\u00e1s de extender los plazos de pago, lo que genera un impacto econ\u00f3mico negativo considerable para los productores locales\u201d.<\/p>\n<p>La reducci\u00f3n del consumo interno y de las exportaciones a la par de un registro de avance de cosecha m\u00e1s importante que el de los \u00faltimos cuatro a\u00f1os se traduce en un importante aumento de stocks en establecimientos secaderos.<\/p>\n<\/div>\n<\/article>\n","protected":false},"excerpt":{"rendered":"<p>El consumo interno de\u00a0yerba mate\u00a0cay\u00f3 8,8%\u00a0interanual en los primeros nueve meses del a\u00f1o, como resultado de la sensible ca\u00edda del<\/p>\n","protected":false},"author":1,"featured_media":20021,"comment_status":"closed","ping_status":"closed","sticky":false,"template":"","format":"standard","meta":{"footnotes":"","jetpack_publicize_message":"","jetpack_publicize_feature_enabled":true,"jetpack_social_post_already_shared":true,"jetpack_social_options":{"image_generator_settings":{"template":"highway","enabled":false},"version":2}},"categories":[4],"tags":[],"class_list":["post-20020","post","type-post","status-publish","format-standard","has-post-thumbnail","hentry","category-nacionales"],"jetpack_publicize_connections":[],"_links":{"self":[{"href":"https:\/\/diariorepublica.com.ar\/web\/index.php\/wp-json\/wp\/v2\/posts\/20020"}],"collection":[{"href":"https:\/\/diariorepublica.com.ar\/web\/index.php\/wp-json\/wp\/v2\/posts"}],"about":[{"href":"https:\/\/diariorepublica.com.ar\/web\/index.php\/wp-json\/wp\/v2\/types\/post"}],"author":[{"embeddable":true,"href":"https:\/\/diariorepublica.com.ar\/web\/index.php\/wp-json\/wp\/v2\/users\/1"}],"replies":[{"embeddable":true,"href":"https:\/\/diariorepublica.com.ar\/web\/index.php\/wp-json\/wp\/v2\/comments?post=20020"}],"version-history":[{"count":1,"href":"https:\/\/diariorepublica.com.ar\/web\/index.php\/wp-json\/wp\/v2\/posts\/20020\/revisions"}],"predecessor-version":[{"id":20022,"href":"https:\/\/diariorepublica.com.ar\/web\/index.php\/wp-json\/wp\/v2\/posts\/20020\/revisions\/20022"}],"wp:featuredmedia":[{"embeddable":true,"href":"https:\/\/diariorepublica.com.ar\/web\/index.php\/wp-json\/wp\/v2\/media\/20021"}],"wp:attachment":[{"href":"https:\/\/diariorepublica.com.ar\/web\/index.php\/wp-json\/wp\/v2\/media?parent=20020"}],"wp:term":[{"taxonomy":"category","embeddable":true,"href":"https:\/\/diariorepublica.com.ar\/web\/index.php\/wp-json\/wp\/v2\/categories?post=20020"},{"taxonomy":"post_tag","embeddable":true,"href":"https:\/\/diariorepublica.com.ar\/web\/index.php\/wp-json\/wp\/v2\/tags?post=20020"}],"curies":[{"name":"wp","href":"https:\/\/api.w.org\/{rel}","templated":true}]}}