{"id":20029,"date":"2024-11-07T11:20:08","date_gmt":"2024-11-07T14:20:08","guid":{"rendered":"https:\/\/diariorepublica.com.ar\/web\/?p=20029"},"modified":"2024-11-07T11:20:11","modified_gmt":"2024-11-07T14:20:11","slug":"se-realizo-el-tercer-encuentro-de-mujeres-el-poder-de-las-mariposas-camino-el-25n","status":"publish","type":"post","link":"https:\/\/diariorepublica.com.ar\/web\/index.php\/locales\/2024\/11\/07\/se-realizo-el-tercer-encuentro-de-mujeres-el-poder-de-las-mariposas-camino-el-25n\/","title":{"rendered":"Se realiz\u00f3 el tercer encuentro de mujeres \u00abEl poder de las Mariposas: Camino el 25N\u00bb"},"content":{"rendered":"<div>Este mi\u00e9rcoles se realiz\u00f3 en el Centro Vecinal Ram\u00f3n S. Castillo del Barrio Piloto el tercer encuentro \u00abEl poder de las Mariposas: Camino el 25N\u00bb, en el marco del ciclo de participaci\u00f3n y empoderamiento de las mujeres en sus territorios, organizado por el equipo de la Vicegobernaci\u00f3n que conduce Rub\u00e9n Dusso, quien se hizo presente en la ocasi\u00f3n.<\/p>\n<p>En el encuentro, que se realiz\u00f3 bajo la consigna \u201cParticipaci\u00f3n ciudadana y Pol\u00edtica\u201d, estuvieron presentes junto al vicegobernador Dusso; la senadora Noem\u00ed Casas, junto a la diputada M\u00f3nica Zalazar, en un marco que reuni\u00f3 a referentes mujeres del Peronismo hist\u00f3rico y otras fuerzas pol\u00edticas.<\/p>\n<p>Estuvieron como invitadas especiales de esta edici\u00f3n las mujeres referentes de los centros vecinales de la ciudad, algunas de ellas asistiendo en su cotidianeidad a m\u00e1s de 400 familias. Fue de esta manera una valiosa oportunidad para reflexionar sobre la participaci\u00f3n de la mujer tanto en la organizaci\u00f3n comunitaria como en la pol\u00edtica.<\/p>\n<p>La iniciativa tiene por objetivo generar un espacio de reflexi\u00f3n y encuentro con mujeres desde j\u00f3venes hasta adultas mayores, para abordar ciertas tem\u00e1ticas que tienen un impacto directo o indirecto en sus vidas.<\/p>\n<p>Uno de los puntos que m\u00e1s importa a la organizaci\u00f3n a la hora de guiar las tem\u00e1ticas a tratar es el de las barreras socioculturales, familiares, institucionales, entre otras, que act\u00faan como verdaderos obst\u00e1culos para que las mujeres se inserten en diferentes espacios ya institucionalizados tradicionalmente desde una perspectiva masculina.<\/p>\n<p>A la hora de hacer uso de la palabra, el vicegobernador Dusso, expres\u00f3: \u201cEs muy notable que tengan la convicci\u00f3n y el compromiso de que hay que trabajar por el otro, no hay ninguna sociedad que evolucione o se desarrolle en un medio hostil. Entonces, lo que cada una tiene que poner, o cada uno en este caso, todos los d\u00edas de su vida es un poquitito para que haya otra persona que est\u00e9 mejor. Hablamos de inclusi\u00f3n, para que pueda permitirse la igualdad de oportunidades. No perdamos ese objetivo que nos convoca a estar activos cada d\u00eda en nuestras vidas\u201d.<span style=\"color: #888888;\"><br clear=\"all\" \/><\/span><\/div>\n<div><\/div>\n","protected":false},"excerpt":{"rendered":"<p>Este mi\u00e9rcoles se realiz\u00f3 en el Centro Vecinal Ram\u00f3n S. Castillo del Barrio Piloto el tercer encuentro \u00abEl poder de<\/p>\n","protected":false},"author":1,"featured_media":20030,"comment_status":"closed","ping_status":"closed","sticky":false,"template":"","format":"standard","meta":{"footnotes":"","jetpack_publicize_message":"","jetpack_publicize_feature_enabled":true,"jetpack_social_post_already_shared":true,"jetpack_social_options":{"image_generator_settings":{"template":"highway","enabled":false},"version":2}},"categories":[2],"tags":[],"class_list":["post-20029","post","type-post","status-publish","format-standard","has-post-thumbnail","hentry","category-locales"],"jetpack_publicize_connections":[],"_links":{"self":[{"href":"https:\/\/diariorepublica.com.ar\/web\/index.php\/wp-json\/wp\/v2\/posts\/20029"}],"collection":[{"href":"https:\/\/diariorepublica.com.ar\/web\/index.php\/wp-json\/wp\/v2\/posts"}],"about":[{"href":"https:\/\/diariorepublica.com.ar\/web\/index.php\/wp-json\/wp\/v2\/types\/post"}],"author":[{"embeddable":true,"href":"https:\/\/diariorepublica.com.ar\/web\/index.php\/wp-json\/wp\/v2\/users\/1"}],"replies":[{"embeddable":true,"href":"https:\/\/diariorepublica.com.ar\/web\/index.php\/wp-json\/wp\/v2\/comments?post=20029"}],"version-history":[{"count":1,"href":"https:\/\/diariorepublica.com.ar\/web\/index.php\/wp-json\/wp\/v2\/posts\/20029\/revisions"}],"predecessor-version":[{"id":20031,"href":"https:\/\/diariorepublica.com.ar\/web\/index.php\/wp-json\/wp\/v2\/posts\/20029\/revisions\/20031"}],"wp:featuredmedia":[{"embeddable":true,"href":"https:\/\/diariorepublica.com.ar\/web\/index.php\/wp-json\/wp\/v2\/media\/20030"}],"wp:attachment":[{"href":"https:\/\/diariorepublica.com.ar\/web\/index.php\/wp-json\/wp\/v2\/media?parent=20029"}],"wp:term":[{"taxonomy":"category","embeddable":true,"href":"https:\/\/diariorepublica.com.ar\/web\/index.php\/wp-json\/wp\/v2\/categories?post=20029"},{"taxonomy":"post_tag","embeddable":true,"href":"https:\/\/diariorepublica.com.ar\/web\/index.php\/wp-json\/wp\/v2\/tags?post=20029"}],"curies":[{"name":"wp","href":"https:\/\/api.w.org\/{rel}","templated":true}]}}