{"id":20038,"date":"2024-11-07T12:37:00","date_gmt":"2024-11-07T15:37:00","guid":{"rendered":"https:\/\/diariorepublica.com.ar\/web\/?p=20038"},"modified":"2024-11-07T11:39:23","modified_gmt":"2024-11-07T14:39:23","slug":"municipios-ambatenos-rubricaron-el-consenso-fiscal-y-ya-son-26-los-que-adhirieron","status":"publish","type":"post","link":"https:\/\/diariorepublica.com.ar\/web\/index.php\/politica\/2024\/11\/07\/municipios-ambatenos-rubricaron-el-consenso-fiscal-y-ya-son-26-los-que-adhirieron\/","title":{"rendered":"Municipios ambate\u00f1os rubricaron el Consenso Fiscal y ya son 26 los que adhirieron"},"content":{"rendered":"<p>El gobernador Ra\u00fal Jalil y los intendentes de las 4 jurisdicciones que conforman el departamento de Ambato rubricaron, esta ma\u00f1ana, la adhesi\u00f3n al Consenso Fiscal impulsado por el Gobierno provincial.<\/p>\n<p>De esta manera y con la firma materializada por los intendentes de El Rodeo, Armando Seco Santamarina; de Las Juntas, Jorge Herrera; de Los Varela, Patricio Villafa\u00f1e; y de La Puerta, Osvaldo G\u00f3mez, suman un total de veintis\u00e9is jurisdicciones que han adherido a esta iniciativa que propone asegurar que los municipios logren un equilibrio fiscal, al mismo tiempo que se respete su autonom\u00eda en la administraci\u00f3n de recursos.<\/p>\n<p>\u201cEstamos muy contentos de firmar este Consenso Fiscal que nos va a permitir acomodar nuestra parte administrativa, entre otros aspectos\u201d, afirm\u00f3 el intendente Seco Santamarina tras la r\u00fabrica.<\/p>\n<p>Este paso es crucial para fortalecer la gesti\u00f3n p\u00fablica, la capacidad de gesti\u00f3n local y garantizar un desarrollo sostenible en cada jurisdicci\u00f3n comunal de la provincia.<\/p>\n<p>Esta acci\u00f3n de Consenso Fiscal que la Provincia se encuentra rubricando con los diferentes municipios catamarque\u00f1os permitir\u00e1, adem\u00e1s, a los municipios generar ingresos propios para cubrir sus necesidades y financiar sus obras y acciones en favor de la comunidad.<\/p>\n<p>Tambi\u00e9n estuvieron presentes en la firma la ministra de Econom\u00eda, Alejandra Nazareno; la presidenta de la Caja de Cr\u00e9dito y Prestaciones, Daniela D\u00edaz; la senadora Romina Williams, entre otras autoridades.<\/p>\n","protected":false},"excerpt":{"rendered":"<p>El gobernador Ra\u00fal Jalil y los intendentes de las 4 jurisdicciones que conforman el departamento de Ambato rubricaron, esta ma\u00f1ana,<\/p>\n","protected":false},"author":1,"featured_media":20039,"comment_status":"closed","ping_status":"closed","sticky":false,"template":"","format":"standard","meta":{"footnotes":"","jetpack_publicize_message":"","jetpack_publicize_feature_enabled":true,"jetpack_social_post_already_shared":true,"jetpack_social_options":{"image_generator_settings":{"template":"highway","enabled":false},"version":2}},"categories":[12],"tags":[],"class_list":["post-20038","post","type-post","status-publish","format-standard","has-post-thumbnail","hentry","category-politica"],"jetpack_publicize_connections":[],"_links":{"self":[{"href":"https:\/\/diariorepublica.com.ar\/web\/index.php\/wp-json\/wp\/v2\/posts\/20038"}],"collection":[{"href":"https:\/\/diariorepublica.com.ar\/web\/index.php\/wp-json\/wp\/v2\/posts"}],"about":[{"href":"https:\/\/diariorepublica.com.ar\/web\/index.php\/wp-json\/wp\/v2\/types\/post"}],"author":[{"embeddable":true,"href":"https:\/\/diariorepublica.com.ar\/web\/index.php\/wp-json\/wp\/v2\/users\/1"}],"replies":[{"embeddable":true,"href":"https:\/\/diariorepublica.com.ar\/web\/index.php\/wp-json\/wp\/v2\/comments?post=20038"}],"version-history":[{"count":1,"href":"https:\/\/diariorepublica.com.ar\/web\/index.php\/wp-json\/wp\/v2\/posts\/20038\/revisions"}],"predecessor-version":[{"id":20040,"href":"https:\/\/diariorepublica.com.ar\/web\/index.php\/wp-json\/wp\/v2\/posts\/20038\/revisions\/20040"}],"wp:featuredmedia":[{"embeddable":true,"href":"https:\/\/diariorepublica.com.ar\/web\/index.php\/wp-json\/wp\/v2\/media\/20039"}],"wp:attachment":[{"href":"https:\/\/diariorepublica.com.ar\/web\/index.php\/wp-json\/wp\/v2\/media?parent=20038"}],"wp:term":[{"taxonomy":"category","embeddable":true,"href":"https:\/\/diariorepublica.com.ar\/web\/index.php\/wp-json\/wp\/v2\/categories?post=20038"},{"taxonomy":"post_tag","embeddable":true,"href":"https:\/\/diariorepublica.com.ar\/web\/index.php\/wp-json\/wp\/v2\/tags?post=20038"}],"curies":[{"name":"wp","href":"https:\/\/api.w.org\/{rel}","templated":true}]}}