{"id":20056,"date":"2024-11-09T09:29:00","date_gmt":"2024-11-09T12:29:00","guid":{"rendered":"https:\/\/diariorepublica.com.ar\/web\/?p=20056"},"modified":"2024-11-09T17:31:56","modified_gmt":"2024-11-09T20:31:56","slug":"saadi-es-el-intendente-de-argentina-con-la-mejor-imagen-positiva","status":"publish","type":"post","link":"https:\/\/diariorepublica.com.ar\/web\/index.php\/politica\/2024\/11\/09\/saadi-es-el-intendente-de-argentina-con-la-mejor-imagen-positiva\/","title":{"rendered":"Saadi es el intendente de Argentina con la mejor imagen positiva"},"content":{"rendered":"<p><strong>Gustavo Saadi<\/strong>\u00a0se ha destacado recientemente al ser clasificado como el intendente con la mejor imagen positiva en Argentina, seg\u00fan el \u00faltimo ranking de\u00a0<strong>CB Consultora Opini\u00f3n P\u00fablica (CB Consultora OP).\u00a0<\/strong><\/p>\n<figure class=\"image\"><img loading=\"lazy\" decoding=\"async\" class=\"cst_img\" src=\"https:\/\/statics.launion.digital\/2024\/11\/crop\/672f52a18397c__770x770.webp\" alt=\"imagen positiva\" width=\"100\" height=\"100\" \/><figcaption>Ranking de imagen positiva<\/figcaption><\/figure>\n<p>En la medici\u00f3n correspondiente a noviembre, Saadi logr\u00f3 un notable<strong>\u00a058%<\/strong>\u00a0de imagen positiva, mientras que su imagen negativa se situ\u00f3 en un\u00a0<strong>37,8%<\/strong>. Esta encuesta, que abarc\u00f3 del 1 al 4 de noviembre de 2024, se realiz\u00f3 entre 17,900 personas distribuidas en 23 provincias y la Ciudad Aut\u00f3noma de Buenos Aires (CABA), lo que proporciona un amplio panorama de la percepci\u00f3n p\u00fablica en el pa\u00eds. CB Consultora OP ha ganado reconocimiento por su meticuloso enfoque en los relevamientos de opini\u00f3n, realizando an\u00e1lisis distrito por distrito, y ha establecido su ranking de gobernadores desde principios de 202, consolid\u00e1ndose como un referente en la evaluaci\u00f3n de la opini\u00f3n p\u00fablica en Argentina.<\/p>\n<p>En este contexto, es importante mencionar que\u00a0<strong>Ra\u00fal Jalil,<\/strong>\u00a0gobernador de Catamarca, se mantiene en una posici\u00f3n estable dentro del ranking, ocupando el noveno lugar sin cambios respecto a la medici\u00f3n anterior de octubre. En el \u00e1mbito nacional, el presidente\u00a0<strong>Javier Milei<\/strong>\u00a0presenta una imagen positiva del\u00a0<strong>49,9%\u00a0<\/strong>en Catamarca, ligeramente superior a su\u00a0<strong>46,6%<\/strong>\u00a0de negativos.<\/p>\n<figure class=\"image\"><img loading=\"lazy\" decoding=\"async\" class=\"cst_img\" src=\"https:\/\/statics.launion.digital\/2024\/11\/crop\/672f52a35e3e4__770x770.webp\" alt=\"imagen positiva\" width=\"100\" height=\"100\" \/><figcaption>Ranking de imagen positiva de gobernadores<\/figcaption><\/figure>\n<p>Por otro lado, la figura de Cristina Kirchner sigue siendo polarizadora, con un 38,3% de imagen positiva frente a un 60,3% de negativa. Estos datos reflejan una din\u00e1mica pol\u00edtica en la que las percepciones de los l\u00edderes pueden influir en sus gestiones y en el futuro del panorama pol\u00edtico argentino. La opini\u00f3n p\u00fablica sigue siendo un indicador clave para entender el comportamiento electoral y las decisiones pol\u00edticas en el pa\u00eds, conforme se acercan futuros eventos electorales.<\/p>\n","protected":false},"excerpt":{"rendered":"<p>Gustavo Saadi\u00a0se ha destacado recientemente al ser clasificado como el intendente con la mejor imagen positiva en Argentina, seg\u00fan el<\/p>\n","protected":false},"author":1,"featured_media":20057,"comment_status":"closed","ping_status":"closed","sticky":false,"template":"","format":"standard","meta":{"footnotes":"","jetpack_publicize_message":"","jetpack_publicize_feature_enabled":true,"jetpack_social_post_already_shared":true,"jetpack_social_options":{"image_generator_settings":{"template":"highway","enabled":false},"version":2}},"categories":[12],"tags":[],"class_list":["post-20056","post","type-post","status-publish","format-standard","has-post-thumbnail","hentry","category-politica"],"jetpack_publicize_connections":[],"_links":{"self":[{"href":"https:\/\/diariorepublica.com.ar\/web\/index.php\/wp-json\/wp\/v2\/posts\/20056"}],"collection":[{"href":"https:\/\/diariorepublica.com.ar\/web\/index.php\/wp-json\/wp\/v2\/posts"}],"about":[{"href":"https:\/\/diariorepublica.com.ar\/web\/index.php\/wp-json\/wp\/v2\/types\/post"}],"author":[{"embeddable":true,"href":"https:\/\/diariorepublica.com.ar\/web\/index.php\/wp-json\/wp\/v2\/users\/1"}],"replies":[{"embeddable":true,"href":"https:\/\/diariorepublica.com.ar\/web\/index.php\/wp-json\/wp\/v2\/comments?post=20056"}],"version-history":[{"count":1,"href":"https:\/\/diariorepublica.com.ar\/web\/index.php\/wp-json\/wp\/v2\/posts\/20056\/revisions"}],"predecessor-version":[{"id":20058,"href":"https:\/\/diariorepublica.com.ar\/web\/index.php\/wp-json\/wp\/v2\/posts\/20056\/revisions\/20058"}],"wp:featuredmedia":[{"embeddable":true,"href":"https:\/\/diariorepublica.com.ar\/web\/index.php\/wp-json\/wp\/v2\/media\/20057"}],"wp:attachment":[{"href":"https:\/\/diariorepublica.com.ar\/web\/index.php\/wp-json\/wp\/v2\/media?parent=20056"}],"wp:term":[{"taxonomy":"category","embeddable":true,"href":"https:\/\/diariorepublica.com.ar\/web\/index.php\/wp-json\/wp\/v2\/categories?post=20056"},{"taxonomy":"post_tag","embeddable":true,"href":"https:\/\/diariorepublica.com.ar\/web\/index.php\/wp-json\/wp\/v2\/tags?post=20056"}],"curies":[{"name":"wp","href":"https:\/\/api.w.org\/{rel}","templated":true}]}}