{"id":20062,"date":"2024-11-09T17:48:03","date_gmt":"2024-11-09T20:48:03","guid":{"rendered":"https:\/\/diariorepublica.com.ar\/web\/?p=20062"},"modified":"2024-11-09T17:48:06","modified_gmt":"2024-11-09T20:48:06","slug":"francos-a-partir-de-los-paros-la-gente-tomo-conciencia-del-apriete-de-los-gremios-aeronauticos-al-gobierno","status":"publish","type":"post","link":"https:\/\/diariorepublica.com.ar\/web\/index.php\/politica\/2024\/11\/09\/francos-a-partir-de-los-paros-la-gente-tomo-conciencia-del-apriete-de-los-gremios-aeronauticos-al-gobierno\/","title":{"rendered":"Francos: \u00abA partir de los paros, la gente tom\u00f3 conciencia del apriete de los gremios aeron\u00e1uticos al Gobierno\u00bb"},"content":{"rendered":"<p>El jefe de Gabinete, Guillermo Francos, afirm\u00f3 hoy que a \u00aba partir de los paros\u00bb que llevaron\u00a0adelante los gremios aeron\u00e1uticos, la sociedad tom\u00f3 \u00abconciencia nacional\u00bb de que exist\u00eda un \u00abmecanismo de apriete\u00bb de los sindicatos al Gobierno.<\/p>\n<p>\u00abCuando planteamos la privatizaci\u00f3n, la gente ten\u00eda una posici\u00f3n favorable a la Aerol\u00edneas Argentinas\u00bb, manifest\u00f3 Francos, aunque plante\u00f3 que esa perspectiva cambi\u00f3 despu\u00e9s de las huelgas \u00absin aviso\u00bb y el \u00abepisodio dram\u00e1tico\u00bb de la empresa Intercargo.<\/p>\n<p>\u00abSe tom\u00f3 conciencia nacional de que hab\u00eda un mecanismo de apriete del sector gremial al sector p\u00fablico\u00bb, se\u00f1al\u00f3 el ministro coordinador.<\/p>\n<p>En esa l\u00ednea, Francos dijo que la sociedad \u00abno lo acept\u00f3\u00bb y esto \u00abcambi\u00f3 la posici\u00f3n de los dirigentes gremiales\u00bb. \u00a0\u00abAhora est\u00e1n dispuestos a hacer cambios\u00bb, enfatiz\u00f3.<\/p>\n<p>A su vez, tambi\u00e9n se refiri\u00f3 a la presi\u00f3n que est\u00e1 ejerciendo la oposici\u00f3n en el Congreso para modificar la ley que regula los DNU.<\/p>\n<p>\u00abLegisladores que han permitido hist\u00f3ricamente los DNU, que le quieran sacar ese instrumento a un presidente que, adem\u00e1s, tienen una minor\u00eda parlamentaria tan visible, me parece que es actuar de mala fe\u00bb, expres\u00f3 Francos.<\/p>\n<p>Sobre la sinton\u00eda del presidente Javier Milei con el mandatario electo norteamericano Donald Trump, el funcionario dijo que \u00bb a partir de su elecci\u00f3n\u00bb nuestro pa\u00eds va a mantener una \u00abrelaci\u00f3n intensa\u00bb con Estados Unidos.<\/p>\n<p>NA<\/p>\n","protected":false},"excerpt":{"rendered":"<p>El jefe de Gabinete, Guillermo Francos, afirm\u00f3 hoy que a \u00aba partir de los paros\u00bb que llevaron\u00a0adelante los gremios aeron\u00e1uticos,<\/p>\n","protected":false},"author":1,"featured_media":20063,"comment_status":"closed","ping_status":"closed","sticky":false,"template":"","format":"standard","meta":{"footnotes":"","jetpack_publicize_message":"","jetpack_publicize_feature_enabled":true,"jetpack_social_post_already_shared":true,"jetpack_social_options":{"image_generator_settings":{"template":"highway","enabled":false},"version":2}},"categories":[12],"tags":[],"class_list":["post-20062","post","type-post","status-publish","format-standard","has-post-thumbnail","hentry","category-politica"],"jetpack_publicize_connections":[],"_links":{"self":[{"href":"https:\/\/diariorepublica.com.ar\/web\/index.php\/wp-json\/wp\/v2\/posts\/20062"}],"collection":[{"href":"https:\/\/diariorepublica.com.ar\/web\/index.php\/wp-json\/wp\/v2\/posts"}],"about":[{"href":"https:\/\/diariorepublica.com.ar\/web\/index.php\/wp-json\/wp\/v2\/types\/post"}],"author":[{"embeddable":true,"href":"https:\/\/diariorepublica.com.ar\/web\/index.php\/wp-json\/wp\/v2\/users\/1"}],"replies":[{"embeddable":true,"href":"https:\/\/diariorepublica.com.ar\/web\/index.php\/wp-json\/wp\/v2\/comments?post=20062"}],"version-history":[{"count":1,"href":"https:\/\/diariorepublica.com.ar\/web\/index.php\/wp-json\/wp\/v2\/posts\/20062\/revisions"}],"predecessor-version":[{"id":20064,"href":"https:\/\/diariorepublica.com.ar\/web\/index.php\/wp-json\/wp\/v2\/posts\/20062\/revisions\/20064"}],"wp:featuredmedia":[{"embeddable":true,"href":"https:\/\/diariorepublica.com.ar\/web\/index.php\/wp-json\/wp\/v2\/media\/20063"}],"wp:attachment":[{"href":"https:\/\/diariorepublica.com.ar\/web\/index.php\/wp-json\/wp\/v2\/media?parent=20062"}],"wp:term":[{"taxonomy":"category","embeddable":true,"href":"https:\/\/diariorepublica.com.ar\/web\/index.php\/wp-json\/wp\/v2\/categories?post=20062"},{"taxonomy":"post_tag","embeddable":true,"href":"https:\/\/diariorepublica.com.ar\/web\/index.php\/wp-json\/wp\/v2\/tags?post=20062"}],"curies":[{"name":"wp","href":"https:\/\/api.w.org\/{rel}","templated":true}]}}