{"id":2009,"date":"2023-04-25T12:08:08","date_gmt":"2023-04-25T15:08:08","guid":{"rendered":"https:\/\/diariorepublica.com.ar\/web\/?p=2009"},"modified":"2023-04-25T12:08:09","modified_gmt":"2023-04-25T15:08:09","slug":"yo-creo-que-los-padres-de-familia-con-justa-razon-reclaman","status":"publish","type":"post","link":"https:\/\/diariorepublica.com.ar\/web\/index.php\/sociedad\/2023\/04\/25\/yo-creo-que-los-padres-de-familia-con-justa-razon-reclaman\/","title":{"rendered":"\u201cYo creo que los padres de familia con justa raz\u00f3n reclaman\u201d"},"content":{"rendered":"<p>Tras la manifestaci\u00f3n de padres de niveles preuniversitarios como consecuencia de la perdida de d\u00edas de clases por las medidas de fuerza que lleva adelante la CONADUH, el prof Fernando Morales referente del gremio en la provincia manifest\u00f3 \u201cTodo conflicto genera alg\u00fan tipo de reacci\u00f3n en el propio sistema, en este caso ha generado un malestar en los padres de familia. He visto padres muy activos, algunos padres de familia que son compa\u00f1eros nuestros, docentes y no docentes, y a otros muy amigos de las autoridades, pero lo que realmente importa es la situaci\u00f3n que se est\u00e1 viviendo por el sistema educativo que est\u00e1 en crisis\u201d.<\/p>\n<p>\u201cYo creo que los padres de familia con justa raz\u00f3n reclaman. En lo que para m\u00ed se equivocan es en la metodolog\u00eda de implementar ese reclamo, porque con el primero que se habla es con el compa\u00f1ero o con los docentes, pues cuando ellos tienen alg\u00fan problema con los alumnos no se van a hablar con el rector, se va a hablar con el docente. En este caso, tendr\u00edan que haber hablado con los docentes\u201d, expres\u00f3 Morales, y agreg\u00f3: \u201cAh\u00ed se equivocan. Evidentemente nos preocupa a nosotros tambi\u00e9n esta situaci\u00f3n porque hoy la universidad y los colegios no tienen que ser dep\u00f3sitos de chicos, realmente tienen que desarrollar una actividad pedag\u00f3gica, una actividad acad\u00e9mica, con todo lo que deber\u00eda ser\u201d.<\/p>\n","protected":false},"excerpt":{"rendered":"<p>Tras la manifestaci\u00f3n de padres de niveles preuniversitarios como consecuencia de la perdida de d\u00edas de clases por las medidas<\/p>\n","protected":false},"author":2,"featured_media":2010,"comment_status":"closed","ping_status":"closed","sticky":false,"template":"","format":"standard","meta":{"footnotes":"","jetpack_publicize_message":"","jetpack_publicize_feature_enabled":true,"jetpack_social_post_already_shared":false,"jetpack_social_options":{"image_generator_settings":{"template":"highway","enabled":false},"version":2}},"categories":[3],"tags":[],"class_list":["post-2009","post","type-post","status-publish","format-standard","has-post-thumbnail","hentry","category-sociedad"],"jetpack_publicize_connections":[],"_links":{"self":[{"href":"https:\/\/diariorepublica.com.ar\/web\/index.php\/wp-json\/wp\/v2\/posts\/2009"}],"collection":[{"href":"https:\/\/diariorepublica.com.ar\/web\/index.php\/wp-json\/wp\/v2\/posts"}],"about":[{"href":"https:\/\/diariorepublica.com.ar\/web\/index.php\/wp-json\/wp\/v2\/types\/post"}],"author":[{"embeddable":true,"href":"https:\/\/diariorepublica.com.ar\/web\/index.php\/wp-json\/wp\/v2\/users\/2"}],"replies":[{"embeddable":true,"href":"https:\/\/diariorepublica.com.ar\/web\/index.php\/wp-json\/wp\/v2\/comments?post=2009"}],"version-history":[{"count":1,"href":"https:\/\/diariorepublica.com.ar\/web\/index.php\/wp-json\/wp\/v2\/posts\/2009\/revisions"}],"predecessor-version":[{"id":2011,"href":"https:\/\/diariorepublica.com.ar\/web\/index.php\/wp-json\/wp\/v2\/posts\/2009\/revisions\/2011"}],"wp:featuredmedia":[{"embeddable":true,"href":"https:\/\/diariorepublica.com.ar\/web\/index.php\/wp-json\/wp\/v2\/media\/2010"}],"wp:attachment":[{"href":"https:\/\/diariorepublica.com.ar\/web\/index.php\/wp-json\/wp\/v2\/media?parent=2009"}],"wp:term":[{"taxonomy":"category","embeddable":true,"href":"https:\/\/diariorepublica.com.ar\/web\/index.php\/wp-json\/wp\/v2\/categories?post=2009"},{"taxonomy":"post_tag","embeddable":true,"href":"https:\/\/diariorepublica.com.ar\/web\/index.php\/wp-json\/wp\/v2\/tags?post=2009"}],"curies":[{"name":"wp","href":"https:\/\/api.w.org\/{rel}","templated":true}]}}